{"id":9835,"date":"2018-12-18T17:41:41","date_gmt":"2018-12-18T17:41:41","guid":{"rendered":"http:\/\/aeroviarios.org.br\/?p=9835"},"modified":"2018-12-18T17:41:41","modified_gmt":"2018-12-18T17:41:41","slug":"2018-foi-ano-de-muitas-mudancas-para-os-aeroviarios-no-salgado-filho","status":"publish","type":"post","link":"https:\/\/aeroviarios.org.br\/index.php\/2018\/12\/18\/2018-foi-ano-de-muitas-mudancas-para-os-aeroviarios-no-salgado-filho\/","title":{"rendered":"RETROSPECTIVA 2018: Ano de muitas mudan\u00e7as para os aerovi\u00e1rios no Salgado Filho"},"content":{"rendered":"<p>A come\u00e7ar pela gest\u00e3o dos terminais, que passou para o comando da Fraport, 2018 foi um ano de muitas mudan\u00e7as no Aeroporto Internacional de Porto Alegre. E n\u00e3o foi um ano f\u00e1cil para a categoria aerovi\u00e1ria.<\/p>\n<p>Ainda em janeiro, um trabalhador da Dnata foi atingido por um raio enquanto estava carregando o por\u00e3o de uma aeronave. Esse tipo de acidente de trabalho, ocorrido durante o mau tempo na capital ga\u00facha, j\u00e1 causou inclusive v\u00edtimas fatais, o que preocupa o Sindicato dos Aerovi\u00e1rios de Porto Alegre. A Fraport e a Dnata, por\u00e9m, afirmaram na \u00e9poca que prestaram todo o socorro ao trabalhador e proveram o acompanhamento necess\u00e1rio.<\/p>\n<p>O problema da falta de novas estruturas foi uma pauta muito frequente durante todo esse ano, desde o m\u00eas de janeiro. Dentre esses problemas, a falta de banheiros e vesti\u00e1rios para os trabalhadores da Pista \u00e9 uma das grandes quest\u00f5es a serem resolvidas pelas empresas. As estruturas existentes est\u00e3o em mau estado de conserva\u00e7\u00e3o e n\u00e3o recebem a manuten\u00e7\u00e3o adequada, j\u00e1 a possibilidade da constru\u00e7\u00e3o de novas \u00e1reas depende de iniciativa das empresas \u00e1reas. Est\u00e1 \u00e9 a sinuca enfrentada pelo aerovi\u00e1rio da Pista. A Fraport alega que para construir novas estruturas precisa receber o pedido das empresas e estas n\u00e3o tomam iniciativa para melhorar as condi\u00e7\u00f5es para os trabalhadores. O Sindicato continuar\u00e1 cobrando das empresas, em n\u00edvel regional e nacional, e estuda que a\u00e7\u00f5es podem ser tomadas para melhorar a situa\u00e7\u00e3o.<\/p>\n<figure id=\"attachment_9838\" aria-describedby=\"caption-attachment-9838\" style=\"width: 1000px\" class=\"wp-caption aligncenter\"><a href=\"https:\/\/aeroviarios.org.br\/novo\/wp-content\/uploads\/2018\/12\/gol.png\"><img fetchpriority=\"high\" decoding=\"async\" class=\"size-full wp-image-9838\" src=\"https:\/\/aeroviarios.org.br\/novo\/wp-content\/uploads\/2018\/12\/gol.png\" alt=\"\" width=\"1000\" height=\"480\" \/><\/a><figcaption id=\"caption-attachment-9838\" class=\"wp-caption-text\">Situa\u00e7\u00e3o dos banheiros dos terminais alcan\u00e7ou n\u00edveis alarmantes de falta de higiene e manuten\u00e7\u00e3o. (Sindicato)<\/figcaption><\/figure>\n<p>Problemas como a coloca\u00e7\u00e3o de bebedouros e a melhor manuten\u00e7\u00e3o de banheiros que s\u00e3o divididos entre trabalhadores e passageiros foram solucionados pelas empresas e pela Fraport ap\u00f3s consecutivas reuni\u00f5es e den\u00fancias por parte da entidade sindical.<\/p>\n<p>Mas com toda certeza, a maior demanda dos aerovi\u00e1rios do Salgado Filho \u00e9 um problema que ainda n\u00e3o foi resolvido. A falta de um estacionamento com pre\u00e7os acess\u00edveis e com seguran\u00e7a foi pauta de a\u00e7\u00f5es do Sindicato durante todo o ano. Desde fevereiro o Sindicato busca alguma solu\u00e7\u00e3o junto \u00e0 Fraport, mas somente em outubro, a gestora afirmou que nada far\u00e1 para solucionar a quest\u00e3o e que trata-se de responsabilidade das empresas.<\/p>\n<p>Um abaixo-assinado com mais de seiscentas assinaturas foi entregue para \u00e0s empresas aerovi\u00e1rias atrav\u00e9s do presidente do Sindicato Nacional das Empresas Aerovi\u00e1rias (Snea) no m\u00eas de agosto. Este mesmo abaixo-assinado, pedindo por estacionamento e seguran\u00e7a, tamb\u00e9m foi entregue para a Fraport e para o tenente-coronel Douglas da Rosa Soares, comandante do 11\u00b0 Batalh\u00e3o de Pol\u00edcia Militar. Atrav\u00e9s de uma reuni\u00e3o com o comandante, tamb\u00e9m em agosto, o Sindicato conseguiu estabelecer um canal de comunica\u00e7\u00e3o direta com a Brigada Militar, facilitando a entrega de boletins de ocorr\u00eancia e facilitando tamb\u00e9m a den\u00fancia de problemas na seguran\u00e7a dos terminais.<\/p>\n<figure id=\"attachment_9836\" aria-describedby=\"caption-attachment-9836\" style=\"width: 702px\" class=\"wp-caption aligncenter\"><a href=\"https:\/\/aeroviarios.org.br\/novo\/wp-content\/uploads\/2018\/12\/IMG_2474.jpg\"><img decoding=\"async\" class=\"size-large wp-image-9836\" src=\"https:\/\/aeroviarios.org.br\/novo\/wp-content\/uploads\/2018\/12\/IMG_2474-1024x492.jpg\" alt=\"\" width=\"702\" height=\"337\" \/><\/a><figcaption id=\"caption-attachment-9836\" class=\"wp-caption-text\">Contato direto com a Brigada Militar \u00e9 uma conquista da entidade. (Sindicato)<\/figcaption><\/figure>\n<p>At\u00e9 aqui, s\u00e3o muitos esfor\u00e7os mobilizados em uma campanha que atingiu a m\u00eddia e diversos setores do poder p\u00fablico. Em 2019, o Sindicato buscar\u00e1 sanar de uma vez por todas o problema da falta de estacionamento para trabalhadores do Salgado Filho.<\/p>\n","protected":false},"excerpt":{"rendered":"<p>A come\u00e7ar pela gest\u00e3o dos terminais, que passou para o comando da Fraport, 2018 foi um ano de muitas mudan\u00e7as no Aeroporto Internacional de Porto Alegre. E n\u00e3o foi um ano f\u00e1cil para a categoria aerovi\u00e1ria. Ainda em janeiro, um trabalhador da Dnata foi atingido por um raio enquanto estava carregando o por\u00e3o de uma<\/p>\n","protected":false},"author":1,"featured_media":9844,"comment_status":"open","ping_status":"open","sticky":false,"template":"","format":"standard","meta":{"footnotes":""},"categories":[27,31],"tags":[],"class_list":{"0":"post-9835","1":"post","2":"type-post","3":"status-publish","4":"format-standard","5":"has-post-thumbnail","7":"category-geral","8":"category-noticias"},"_links":{"self":[{"href":"https:\/\/aeroviarios.org.br\/index.php\/wp-json\/wp\/v2\/posts\/9835","targetHints":{"allow":["GET"]}}],"collection":[{"href":"https:\/\/aeroviarios.org.br\/index.php\/wp-json\/wp\/v2\/posts"}],"about":[{"href":"https:\/\/aeroviarios.org.br\/index.php\/wp-json\/wp\/v2\/types\/post"}],"author":[{"embeddable":true,"href":"https:\/\/aeroviarios.org.br\/index.php\/wp-json\/wp\/v2\/users\/1"}],"replies":[{"embeddable":true,"href":"https:\/\/aeroviarios.org.br\/index.php\/wp-json\/wp\/v2\/comments?post=9835"}],"version-history":[{"count":0,"href":"https:\/\/aeroviarios.org.br\/index.php\/wp-json\/wp\/v2\/posts\/9835\/revisions"}],"wp:featuredmedia":[{"embeddable":true,"href":"https:\/\/aeroviarios.org.br\/index.php\/wp-json\/"}],"wp:attachment":[{"href":"https:\/\/aeroviarios.org.br\/index.php\/wp-json\/wp\/v2\/media?parent=9835"}],"wp:term":[{"taxonomy":"category","embeddable":true,"href":"https:\/\/aeroviarios.org.br\/index.php\/wp-json\/wp\/v2\/categories?post=9835"},{"taxonomy":"post_tag","embeddable":true,"href":"https:\/\/aeroviarios.org.br\/index.php\/wp-json\/wp\/v2\/tags?post=9835"}],"curies":[{"name":"wp","href":"https:\/\/api.w.org\/{rel}","templated":true}]}}