{"id":9832,"date":"2018-12-17T18:51:35","date_gmt":"2018-12-17T18:51:35","guid":{"rendered":"http:\/\/aeroviarios.org.br\/?p=9832"},"modified":"2018-12-17T18:51:35","modified_gmt":"2018-12-17T18:51:35","slug":"retrospectiva-2018-tap-me-define-fechamento-e-marca-era-para-o-aeroviario-gaucho","status":"publish","type":"post","link":"https:\/\/aeroviarios.org.br\/index.php\/2018\/12\/17\/retrospectiva-2018-tap-me-define-fechamento-e-marca-era-para-o-aeroviario-gaucho\/","title":{"rendered":"RETROSPECTIVA 2018: TAP ME define fechamento e marca era para o aerovi\u00e1rio ga\u00facho"},"content":{"rendered":"<p>Este n\u00e3o foi um ano f\u00e1cil para os trabalhadores da TAP ME. De fato, desde 2017, uma s\u00e9rie de demiss\u00f5es vinham acontecendo na empresa, de forma esparsa, o que acabou se intensificando nos \u00faltimos meses daquele ano. Assim, em meio ao p\u00e9ssimo momento, foi firmado um acordo atrav\u00e9s do Sindicato para que os trabalhadores que j\u00e1 haviam sido demitidos, de setembro em diante, pudessem sair da empresa com a garantia de receber as verbas rescis\u00f3rias em sua totalidade, uma indeniza\u00e7\u00e3o de 4 sal\u00e1rios-base, plano de sa\u00fade e dental por 5 anos e passagens a\u00e9reas TAP. Durante 2018, esse acordo foi ainda estendido por mais duas vezes atrav\u00e9s de assembleias em decis\u00e3o da categoria aerovi\u00e1ria, e por fim, encerrou-se em dezembro.<\/p>\n<p>J\u00e1 para o fim da primeira metade do ano, muitos foram os boatos que circularam nos corredores da empresa. Muitos desses boatos foram fruto das visitas de representantes de grupos que estariam interessados em adquirir partes ou a totalidade da sede da TAP ME em Porto Alegre. A presid\u00eancia da empresa, em julho, afirmou, em reuni\u00e3o com o Sindicato, a perman\u00eancia da sede na cidade, ainda incerta sobre os setores de manuten\u00e7\u00e3o, mas garantindo que seria firmado um contrato de aluguel de cinco anos com a Fraport pela \u00e1rea das oficinas.<\/p>\n<p>Essa certeza de perman\u00eancia da base na capital ga\u00facha, por\u00e9m, n\u00e3o se concretizou. Em an\u00fancio feito no Hangar 3, no m\u00eas de setembro deste ano, a presidenta da TAP ME afirmou que o grupo encerraria as atividades da sede de Porto Alegre ainda em 2018. Alguns aerovi\u00e1rios foram transferidos para a base carioca, que continua em atividade, apesar de j\u00e1 reduzida. J\u00e1 outros aderiram a um dos acordos e se despediram da TAP ME.<\/p>\n<figure id=\"attachment_9144\" aria-describedby=\"caption-attachment-9144\" style=\"width: 702px\" class=\"wp-caption aligncenter\"><a href=\"https:\/\/aeroviarios.org.br\/novo\/wp-content\/uploads\/2018\/04\/438bbc5f-4f33-449d-b24e-da4e6efe1a96.jpg\"><img fetchpriority=\"high\" decoding=\"async\" class=\"wp-image-9144 size-large\" src=\"https:\/\/aeroviarios.org.br\/novo\/wp-content\/uploads\/2018\/04\/438bbc5f-4f33-449d-b24e-da4e6efe1a96-1024x768.jpg\" alt=\"\" width=\"702\" height=\"527\" \/><\/a><figcaption id=\"caption-attachment-9144\" class=\"wp-caption-text\">Reuni\u00e3o com trabalhadores e diretoria da empresa no Hangar 3 anunciou o fechamento da TAP ME em Porto Alegre (Sindicato)<\/figcaption><\/figure>\n<p>\u201c\u00c9 realmente muito triste ver o fim de uma base que come\u00e7ou sua hist\u00f3ria l\u00e1 tr\u00e1s, com a Varig, local que foi ber\u00e7o da avia\u00e7\u00e3o e motivo de orgulho para todo o pa\u00eds e refer\u00eancia internacional\u201d, afirma o Sindicato dos Aerovi\u00e1rios de Porto Alegre. Segundo o Sindicato, uma das grandes motiva\u00e7\u00f5es que levou a entidade a acompanhar de perto o processo de fechamento da empresa e negociar o acordo para os aerovi\u00e1rios demitidos foram os casos de empresas que desapareceram ou fecharam suas portas sem pagar os direitos aos trabalhadores. \u201cN\u00f3s vivemos isso um sem n\u00famero de vezes com pequenas empresas e at\u00e9 mesmo com a Varig, vimos casos horr\u00edveis de trabalhadores que perderam seu sustento e ainda ficaram sem seus direitos\u201d, afirmam os diretores sindicais.<\/p>\n<p>Com o fechamento da TAP ME, o cen\u00e1rio aerovi\u00e1rio ga\u00facho mudou bastante. Assim, a realidade do Sindicato dos Aerovi\u00e1rios de Porto Alegre tamb\u00e9m mudou. Hoje, a categoria passa a se concentrar diretamente no Salgado Filho, nas empresas que nele atuam. Uma categoria que antes era majoritariamente formada por mec\u00e2nicos, hoje \u00e9 composta de maneira mais distribu\u00edda pelas diferentes atua\u00e7\u00f5es aerovi\u00e1rias.<\/p>\n","protected":false},"excerpt":{"rendered":"<p>Este n\u00e3o foi um ano f\u00e1cil para os trabalhadores da TAP ME. De fato, desde 2017, uma s\u00e9rie de demiss\u00f5es vinham acontecendo na empresa, de forma esparsa, o que acabou se intensificando nos \u00faltimos meses daquele ano. Assim, em meio ao p\u00e9ssimo momento, foi firmado um acordo atrav\u00e9s do Sindicato para que os trabalhadores que<\/p>\n","protected":false},"author":1,"featured_media":9833,"comment_status":"open","ping_status":"open","sticky":false,"template":"","format":"standard","meta":{"footnotes":""},"categories":[27,31],"tags":[],"class_list":{"0":"post-9832","1":"post","2":"type-post","3":"status-publish","4":"format-standard","5":"has-post-thumbnail","7":"category-geral","8":"category-noticias"},"_links":{"self":[{"href":"https:\/\/aeroviarios.org.br\/index.php\/wp-json\/wp\/v2\/posts\/9832","targetHints":{"allow":["GET"]}}],"collection":[{"href":"https:\/\/aeroviarios.org.br\/index.php\/wp-json\/wp\/v2\/posts"}],"about":[{"href":"https:\/\/aeroviarios.org.br\/index.php\/wp-json\/wp\/v2\/types\/post"}],"author":[{"embeddable":true,"href":"https:\/\/aeroviarios.org.br\/index.php\/wp-json\/wp\/v2\/users\/1"}],"replies":[{"embeddable":true,"href":"https:\/\/aeroviarios.org.br\/index.php\/wp-json\/wp\/v2\/comments?post=9832"}],"version-history":[{"count":0,"href":"https:\/\/aeroviarios.org.br\/index.php\/wp-json\/wp\/v2\/posts\/9832\/revisions"}],"wp:featuredmedia":[{"embeddable":true,"href":"https:\/\/aeroviarios.org.br\/index.php\/wp-json\/"}],"wp:attachment":[{"href":"https:\/\/aeroviarios.org.br\/index.php\/wp-json\/wp\/v2\/media?parent=9832"}],"wp:term":[{"taxonomy":"category","embeddable":true,"href":"https:\/\/aeroviarios.org.br\/index.php\/wp-json\/wp\/v2\/categories?post=9832"},{"taxonomy":"post_tag","embeddable":true,"href":"https:\/\/aeroviarios.org.br\/index.php\/wp-json\/wp\/v2\/tags?post=9832"}],"curies":[{"name":"wp","href":"https:\/\/api.w.org\/{rel}","templated":true}]}}