{"id":9826,"date":"2018-12-17T13:13:00","date_gmt":"2018-12-17T13:13:00","guid":{"rendered":"http:\/\/aeroviarios.org.br\/?p=9826"},"modified":"2018-12-17T13:13:00","modified_gmt":"2018-12-17T13:13:00","slug":"campanha-salarial-20182019-nova-cct-amplia-e-garante-direitos","status":"publish","type":"post","link":"https:\/\/aeroviarios.org.br\/index.php\/2018\/12\/17\/campanha-salarial-20182019-nova-cct-amplia-e-garante-direitos\/","title":{"rendered":"Campanha Salarial 2018\/2019: Nova CCT amplia e garante direitos"},"content":{"rendered":"<p>Nesta quinta-feira (13), diretores do Sindicato dos Aerovi\u00e1rios de Porto Alegre foram a S\u00e3o Paulo para assinar a nova Conven\u00e7\u00e3o Coletiva de Trabalho (CCT) da categoria aerovi\u00e1ria. A proposta apresentada pelo representante das empresas, o Sindicato Nacional das Empresas Aerovi\u00e1rias (Snea) foi debatida e aprovada pelos trabalhadores nesta semana, o que acendeu o sinal verde para que a nova CCT fosse assinada.<\/p>\n<figure id=\"attachment_9829\" aria-describedby=\"caption-attachment-9829\" style=\"width: 702px\" class=\"wp-caption aligncenter\"><a href=\"https:\/\/aeroviarios.org.br\/novo\/wp-content\/uploads\/2018\/12\/WhatsApp-Image-2018-12-17-at-10.36.44.jpeg\"><img fetchpriority=\"high\" decoding=\"async\" class=\"wp-image-9829 size-large\" src=\"https:\/\/aeroviarios.org.br\/novo\/wp-content\/uploads\/2018\/12\/WhatsApp-Image-2018-12-17-at-10.36.44-1024x683.jpeg\" alt=\"\" width=\"702\" height=\"468\" \/><\/a><figcaption id=\"caption-attachment-9829\" class=\"wp-caption-text\">Diretores do Sindicato dos Aerovi\u00e1rios de Porto Alegre assinaram a conven\u00e7\u00e3o na \u00faltima quinta-feira (13), em S\u00e3o Paulo. (Viviane Barbosa\/M\u00eddia Consulte)<\/figcaption><\/figure>\n<p>Para o Sindicato, a renova\u00e7\u00e3o da CCT \u00e9 positiva j\u00e1 que, al\u00e9m de garantir os direitos dos trabalhadores, amplia-os atrav\u00e9s de novas cl\u00e1usulas. O reajuste, aplicado a todas as cl\u00e1usulas econ\u00f4micas, ser\u00e1 de 3,56%, equivalente a infla\u00e7\u00e3o do per\u00edodo de 12 meses. \u201cAl\u00e9m de garantir a Conven\u00e7\u00e3o, que \u00e9 uma conquista hist\u00f3rica nossa, conseguimos avan\u00e7ar em alguns pontos importantes para os trabalhadores como a garantia do acompanhamento das rescis\u00f5es pela entidade e a quest\u00e3o das di\u00e1rias internacionais e das acomoda\u00e7\u00f5es individuais no caso da presta\u00e7\u00e3o de servi\u00e7o fora do local de trabalho\u201d, afirma a entidade.<\/p>\n<p>Confira abaixo um resumo de algumas das novas cl\u00e1usulas sociais e dos novos \u00edndices econ\u00f4micos.<\/p>\n<p><a href=\"https:\/\/aeroviarios.org.br\/novo\/wp-content\/uploads\/2018\/12\/tabela-econ%C3%B4micos.png\"><img decoding=\"async\" class=\"aligncenter size-large wp-image-9828\" src=\"https:\/\/aeroviarios.org.br\/novo\/wp-content\/uploads\/2018\/12\/tabela-econ%C3%B4micos-1024x463.png\" alt=\"\" width=\"702\" height=\"317\" \/><\/a><\/p>\n<p><a href=\"https:\/\/aeroviarios.org.br\/novo\/wp-content\/uploads\/2018\/12\/tabela-sociais.png\"><img decoding=\"async\" class=\"aligncenter size-large wp-image-9827\" src=\"https:\/\/aeroviarios.org.br\/novo\/wp-content\/uploads\/2018\/12\/tabela-sociais-1024x603.png\" alt=\"\" width=\"702\" height=\"413\" \/><\/a><\/p>\n","protected":false},"excerpt":{"rendered":"<p>Nesta quinta-feira (13), diretores do Sindicato dos Aerovi\u00e1rios de Porto Alegre foram a S\u00e3o Paulo para assinar a nova Conven\u00e7\u00e3o Coletiva de Trabalho (CCT) da categoria aerovi\u00e1ria. A proposta apresentada pelo representante das empresas, o Sindicato Nacional das Empresas Aerovi\u00e1rias (Snea) foi debatida e aprovada pelos trabalhadores nesta semana, o que acendeu o sinal verde<\/p>\n","protected":false},"author":1,"featured_media":9830,"comment_status":"open","ping_status":"open","sticky":false,"template":"","format":"standard","meta":{"footnotes":""},"categories":[30],"tags":[],"class_list":{"0":"post-9826","1":"post","2":"type-post","3":"status-publish","4":"format-standard","5":"has-post-thumbnail","7":"category-campanha"},"_links":{"self":[{"href":"https:\/\/aeroviarios.org.br\/index.php\/wp-json\/wp\/v2\/posts\/9826","targetHints":{"allow":["GET"]}}],"collection":[{"href":"https:\/\/aeroviarios.org.br\/index.php\/wp-json\/wp\/v2\/posts"}],"about":[{"href":"https:\/\/aeroviarios.org.br\/index.php\/wp-json\/wp\/v2\/types\/post"}],"author":[{"embeddable":true,"href":"https:\/\/aeroviarios.org.br\/index.php\/wp-json\/wp\/v2\/users\/1"}],"replies":[{"embeddable":true,"href":"https:\/\/aeroviarios.org.br\/index.php\/wp-json\/wp\/v2\/comments?post=9826"}],"version-history":[{"count":0,"href":"https:\/\/aeroviarios.org.br\/index.php\/wp-json\/wp\/v2\/posts\/9826\/revisions"}],"wp:featuredmedia":[{"embeddable":true,"href":"https:\/\/aeroviarios.org.br\/index.php\/wp-json\/"}],"wp:attachment":[{"href":"https:\/\/aeroviarios.org.br\/index.php\/wp-json\/wp\/v2\/media?parent=9826"}],"wp:term":[{"taxonomy":"category","embeddable":true,"href":"https:\/\/aeroviarios.org.br\/index.php\/wp-json\/wp\/v2\/categories?post=9826"},{"taxonomy":"post_tag","embeddable":true,"href":"https:\/\/aeroviarios.org.br\/index.php\/wp-json\/wp\/v2\/tags?post=9826"}],"curies":[{"name":"wp","href":"https:\/\/api.w.org\/{rel}","templated":true}]}}