{"id":9811,"date":"2018-12-11T18:56:51","date_gmt":"2018-12-11T18:56:51","guid":{"rendered":"http:\/\/aeroviarios.org.br\/?p=9811"},"modified":"2018-12-11T18:56:51","modified_gmt":"2018-12-11T18:56:51","slug":"informe-juridico-trabalhadores-da-latam-devem-comparecer-ao-sindicato-2","status":"publish","type":"post","link":"https:\/\/aeroviarios.org.br\/index.php\/2018\/12\/11\/informe-juridico-trabalhadores-da-latam-devem-comparecer-ao-sindicato-2\/","title":{"rendered":"Informe Jur\u00eddico: trabalhadores da Latam devem comparecer ao Sindicato"},"content":{"rendered":"<p>Os aerovi\u00e1rios listados abaixo devem comparecer urgentemente ao Sindicato dos Aerovi\u00e1rios de Porto Alegre (Rua Augusto Severo, 82), das 9h \u00e0s 17h, para tratar de a\u00e7\u00e3o judicial.<\/p>\n<p>Alexandre Fernandes Matos<br \/>\nAnderson Fazan Jos\u00e9<br \/>\nAndr\u00e9 Marcos F Nobre<br \/>\nFilippi Pauli Lavarda<br \/>\nJocimar Chagas da Silva<br \/>\nJorge Alberto R Junior<br \/>\nJos\u00e9 Manoel Sassen da Silva<br \/>\nKelen Rosileine S da Silva<br \/>\nMarcio Correia G da Silva<br \/>\nMarcos Andre Fortes<br \/>\nPriscila Santos de Souza<br \/>\nReginaldo Luis Correa<br \/>\nWagner Antonio R da Cruz<\/p>\n","protected":false},"excerpt":{"rendered":"<p>Os aerovi\u00e1rios listados abaixo devem comparecer urgentemente ao Sindicato dos Aerovi\u00e1rios de Porto Alegre (Rua Augusto Severo, 82), das 9h \u00e0s 17h, para tratar de a\u00e7\u00e3o judicial. Alexandre Fernandes Matos Anderson Fazan Jos\u00e9 Andr\u00e9 Marcos F Nobre Filippi Pauli Lavarda Jocimar Chagas da Silva Jorge Alberto R Junior Jos\u00e9 Manoel Sassen da Silva Kelen Rosileine<\/p>\n","protected":false},"author":1,"featured_media":8477,"comment_status":"open","ping_status":"open","sticky":false,"template":"","format":"standard","meta":{"footnotes":""},"categories":[29,31],"tags":[],"class_list":{"0":"post-9811","1":"post","2":"type-post","3":"status-publish","4":"format-standard","5":"has-post-thumbnail","7":"category-juridico","8":"category-noticias"},"_links":{"self":[{"href":"https:\/\/aeroviarios.org.br\/index.php\/wp-json\/wp\/v2\/posts\/9811","targetHints":{"allow":["GET"]}}],"collection":[{"href":"https:\/\/aeroviarios.org.br\/index.php\/wp-json\/wp\/v2\/posts"}],"about":[{"href":"https:\/\/aeroviarios.org.br\/index.php\/wp-json\/wp\/v2\/types\/post"}],"author":[{"embeddable":true,"href":"https:\/\/aeroviarios.org.br\/index.php\/wp-json\/wp\/v2\/users\/1"}],"replies":[{"embeddable":true,"href":"https:\/\/aeroviarios.org.br\/index.php\/wp-json\/wp\/v2\/comments?post=9811"}],"version-history":[{"count":0,"href":"https:\/\/aeroviarios.org.br\/index.php\/wp-json\/wp\/v2\/posts\/9811\/revisions"}],"wp:featuredmedia":[{"embeddable":true,"href":"https:\/\/aeroviarios.org.br\/index.php\/wp-json\/"}],"wp:attachment":[{"href":"https:\/\/aeroviarios.org.br\/index.php\/wp-json\/wp\/v2\/media?parent=9811"}],"wp:term":[{"taxonomy":"category","embeddable":true,"href":"https:\/\/aeroviarios.org.br\/index.php\/wp-json\/wp\/v2\/categories?post=9811"},{"taxonomy":"post_tag","embeddable":true,"href":"https:\/\/aeroviarios.org.br\/index.php\/wp-json\/wp\/v2\/tags?post=9811"}],"curies":[{"name":"wp","href":"https:\/\/api.w.org\/{rel}","templated":true}]}}