{"id":9805,"date":"2018-11-29T17:47:43","date_gmt":"2018-11-29T17:47:43","guid":{"rendered":"http:\/\/aeroviarios.org.br\/?p=9805"},"modified":"2018-11-29T17:47:43","modified_gmt":"2018-11-29T17:47:43","slug":"sindicato-fechara-ao-meio-dia-nesta-sexta-feira-30","status":"publish","type":"post","link":"https:\/\/aeroviarios.org.br\/index.php\/2018\/11\/29\/sindicato-fechara-ao-meio-dia-nesta-sexta-feira-30\/","title":{"rendered":"Sindicato fechar\u00e1 ao meio-dia nesta sexta-feira (30)"},"content":{"rendered":"<p>Nesta sexta-feira (30), o Sindicato dos Aerovi\u00e1rios de Porto Alegre n\u00e3o atender\u00e1 ao p\u00fablico na parte da tarde. Os atendimentos para a categoria se dar\u00e3o somente at\u00e9 o meio-dia, ap\u00f3s este hor\u00e1rio, a entidade funcionar\u00e1 apenas em expediente interno.<\/p>\n","protected":false},"excerpt":{"rendered":"<p>Nesta sexta-feira (30), o Sindicato dos Aerovi\u00e1rios de Porto Alegre n\u00e3o atender\u00e1 ao p\u00fablico na parte da tarde. Os atendimentos para a categoria se dar\u00e3o somente at\u00e9 o meio-dia, ap\u00f3s este hor\u00e1rio, a entidade funcionar\u00e1 apenas em expediente interno.<\/p>\n","protected":false},"author":1,"featured_media":9488,"comment_status":"open","ping_status":"open","sticky":false,"template":"","format":"standard","meta":{"footnotes":""},"categories":[27,31],"tags":[],"class_list":{"0":"post-9805","1":"post","2":"type-post","3":"status-publish","4":"format-standard","5":"has-post-thumbnail","7":"category-geral","8":"category-noticias"},"_links":{"self":[{"href":"https:\/\/aeroviarios.org.br\/index.php\/wp-json\/wp\/v2\/posts\/9805","targetHints":{"allow":["GET"]}}],"collection":[{"href":"https:\/\/aeroviarios.org.br\/index.php\/wp-json\/wp\/v2\/posts"}],"about":[{"href":"https:\/\/aeroviarios.org.br\/index.php\/wp-json\/wp\/v2\/types\/post"}],"author":[{"embeddable":true,"href":"https:\/\/aeroviarios.org.br\/index.php\/wp-json\/wp\/v2\/users\/1"}],"replies":[{"embeddable":true,"href":"https:\/\/aeroviarios.org.br\/index.php\/wp-json\/wp\/v2\/comments?post=9805"}],"version-history":[{"count":0,"href":"https:\/\/aeroviarios.org.br\/index.php\/wp-json\/wp\/v2\/posts\/9805\/revisions"}],"wp:featuredmedia":[{"embeddable":true,"href":"https:\/\/aeroviarios.org.br\/index.php\/wp-json\/"}],"wp:attachment":[{"href":"https:\/\/aeroviarios.org.br\/index.php\/wp-json\/wp\/v2\/media?parent=9805"}],"wp:term":[{"taxonomy":"category","embeddable":true,"href":"https:\/\/aeroviarios.org.br\/index.php\/wp-json\/wp\/v2\/categories?post=9805"},{"taxonomy":"post_tag","embeddable":true,"href":"https:\/\/aeroviarios.org.br\/index.php\/wp-json\/wp\/v2\/tags?post=9805"}],"curies":[{"name":"wp","href":"https:\/\/api.w.org\/{rel}","templated":true}]}}