{"id":9741,"date":"2018-11-07T16:51:46","date_gmt":"2018-11-07T16:51:46","guid":{"rendered":"http:\/\/aeroviarios.org.br\/?p=9741"},"modified":"2018-11-07T16:51:46","modified_gmt":"2018-11-07T16:51:46","slug":"medica-do-trabalho-atendera-em-horarios-alternativos-em-novembro","status":"publish","type":"post","link":"https:\/\/aeroviarios.org.br\/index.php\/2018\/11\/07\/medica-do-trabalho-atendera-em-horarios-alternativos-em-novembro\/","title":{"rendered":"M\u00e9dica do Trabalho atender\u00e1 em hor\u00e1rios alternativos em novembro"},"content":{"rendered":"<p>A Doutora Virg\u00ednia Dapper, M\u00e9dica do Trabalho conveniada ao Sindicato e que atende na sede, n\u00e3o estar\u00e1 na entidade nas ter\u00e7as-feiras durante o m\u00eas de novembro. Os atendimentos dos dias 13, 20 e 27 ser\u00e3o transferidos respectivamente para os dias 16 (sexta-feira), 21 e 28 (quartas-feiras), \u00e0s 15h30.<\/p>\n<p>No m\u00eas de dezembro, os atendimentos devem acontecer normalmente.<\/p>\n","protected":false},"excerpt":{"rendered":"<p>A Doutora Virg\u00ednia Dapper, M\u00e9dica do Trabalho conveniada ao Sindicato e que atende na sede, n\u00e3o estar\u00e1 na entidade nas ter\u00e7as-feiras durante o m\u00eas de novembro. Os atendimentos dos dias 13, 20 e 27 ser\u00e3o transferidos respectivamente para os dias 16 (sexta-feira), 21 e 28 (quartas-feiras), \u00e0s 15h30. No m\u00eas de dezembro, os atendimentos devem<\/p>\n","protected":false},"author":1,"featured_media":6246,"comment_status":"open","ping_status":"open","sticky":false,"template":"","format":"standard","meta":{"footnotes":""},"categories":[31,28],"tags":[],"class_list":{"0":"post-9741","1":"post","2":"type-post","3":"status-publish","4":"format-standard","5":"has-post-thumbnail","7":"category-noticias","8":"category-saude"},"_links":{"self":[{"href":"https:\/\/aeroviarios.org.br\/index.php\/wp-json\/wp\/v2\/posts\/9741","targetHints":{"allow":["GET"]}}],"collection":[{"href":"https:\/\/aeroviarios.org.br\/index.php\/wp-json\/wp\/v2\/posts"}],"about":[{"href":"https:\/\/aeroviarios.org.br\/index.php\/wp-json\/wp\/v2\/types\/post"}],"author":[{"embeddable":true,"href":"https:\/\/aeroviarios.org.br\/index.php\/wp-json\/wp\/v2\/users\/1"}],"replies":[{"embeddable":true,"href":"https:\/\/aeroviarios.org.br\/index.php\/wp-json\/wp\/v2\/comments?post=9741"}],"version-history":[{"count":0,"href":"https:\/\/aeroviarios.org.br\/index.php\/wp-json\/wp\/v2\/posts\/9741\/revisions"}],"wp:featuredmedia":[{"embeddable":true,"href":"https:\/\/aeroviarios.org.br\/index.php\/wp-json\/"}],"wp:attachment":[{"href":"https:\/\/aeroviarios.org.br\/index.php\/wp-json\/wp\/v2\/media?parent=9741"}],"wp:term":[{"taxonomy":"category","embeddable":true,"href":"https:\/\/aeroviarios.org.br\/index.php\/wp-json\/wp\/v2\/categories?post=9741"},{"taxonomy":"post_tag","embeddable":true,"href":"https:\/\/aeroviarios.org.br\/index.php\/wp-json\/wp\/v2\/tags?post=9741"}],"curies":[{"name":"wp","href":"https:\/\/api.w.org\/{rel}","templated":true}]}}