{"id":9722,"date":"2018-11-01T21:01:26","date_gmt":"2018-11-01T21:01:26","guid":{"rendered":"http:\/\/aeroviarios.org.br\/?p=9722"},"modified":"2018-11-01T21:01:26","modified_gmt":"2018-11-01T21:01:26","slug":"editorial-horizonte-e-incerto-para-o-trabalho-no-brasil","status":"publish","type":"post","link":"https:\/\/aeroviarios.org.br\/index.php\/2018\/11\/01\/editorial-horizonte-e-incerto-para-o-trabalho-no-brasil\/","title":{"rendered":"EDITORIAL: Horizonte \u00e9 incerto para o trabalho no Brasil"},"content":{"rendered":"<p><em>Pr\u00f3ximo per\u00edodo deve ser de luta para os trabalhadores de todas as categorias.<\/em><\/p>\n<p>Antes da elei\u00e7\u00e3o do \u00faltimo domingo, o Sindicato dos Aerovi\u00e1rios de Porto Alegre afirmou em editorial sob o t\u00edtulo de \u201cElei\u00e7\u00f5es decidir\u00e3o o futuro do trabalho no Brasil\u201d o seu apoio ao ent\u00e3o candidato Fernando Haddad (13). Agora, ap\u00f3s o t\u00e9rmino do pleito com a vit\u00f3ria de Jair Bolsonaro (17), j\u00e1 vemos pistas do que espero os trabalhadores at\u00e9 mesmo antes da posse oficial em 1\u00b0 de janeiro.<\/p>\n<p>Segundo Onyx Lorenzoni (DEM), o prov\u00e1vel novo ministro da Casa Civil, a Reforma da Previd\u00eancia proposta por Michel Temer aliviaria o sistema previdenci\u00e1rio por menos de cinco anos, o que n\u00e3o atenderia as dire\u00e7\u00f5es pretendidas pelo governo do presidente eleito. Por isso, para Onyx, a Reforma da Previd\u00eancia dever\u00e1 acontecer em outros moldes visando um per\u00edodo maior de vig\u00eancia, o que segundo ele deve ser de 30 anos. O que isso significa? Mudan\u00e7as mais dr\u00e1sticas e mais trabalhadores que nunca chegar\u00e3o a viver da sua aposentadoria.<\/p>\n<p>Para o Sindicato, este \u00e9 um claro aceno de que o novo governo dever\u00e1 pesar a m\u00e3o em cima do trabalhador. Se a Reforma da Previd\u00eancia pretendida pelo governo Temer \u00e9 considerada branda pelos correligion\u00e1rios de Bolsonaro, o que podemos esperar desse novo projeto de Reforma?<\/p>\n<p>\u201cO que nos espera \u00e9 um per\u00edodo ainda mais duro do que este que estamos vivendo desde 2016, per\u00edodo esse em que foram aprovadas a Reforma Trabalhista e a terceiriza\u00e7\u00e3o da atividade-fim\u201d, afirma o Sindicato. No entendimento da entidade, Bolsonaro ainda n\u00e3o sinalizou medidas ben\u00e9ficas aos trabalhadores, e pela linha de governo apresentada at\u00e9 o momento, o sucateamento do trabalho dever\u00e1 continuar de forma progressiva nos pr\u00f3ximos anos.<\/p>\n","protected":false},"excerpt":{"rendered":"<p>Pr\u00f3ximo per\u00edodo deve ser de luta para os trabalhadores de todas as categorias. Antes da elei\u00e7\u00e3o do \u00faltimo domingo, o Sindicato dos Aerovi\u00e1rios de Porto Alegre afirmou em editorial sob o t\u00edtulo de \u201cElei\u00e7\u00f5es decidir\u00e3o o futuro do trabalho no Brasil\u201d o seu apoio ao ent\u00e3o candidato Fernando Haddad (13). Agora, ap\u00f3s o t\u00e9rmino do<\/p>\n","protected":false},"author":1,"featured_media":8329,"comment_status":"open","ping_status":"open","sticky":false,"template":"","format":"standard","meta":{"footnotes":""},"categories":[39,40],"tags":[],"class_list":{"0":"post-9722","1":"post","2":"type-post","3":"status-publish","4":"format-standard","5":"has-post-thumbnail","7":"category-editoriais","8":"category-opiniao"},"_links":{"self":[{"href":"https:\/\/aeroviarios.org.br\/index.php\/wp-json\/wp\/v2\/posts\/9722","targetHints":{"allow":["GET"]}}],"collection":[{"href":"https:\/\/aeroviarios.org.br\/index.php\/wp-json\/wp\/v2\/posts"}],"about":[{"href":"https:\/\/aeroviarios.org.br\/index.php\/wp-json\/wp\/v2\/types\/post"}],"author":[{"embeddable":true,"href":"https:\/\/aeroviarios.org.br\/index.php\/wp-json\/wp\/v2\/users\/1"}],"replies":[{"embeddable":true,"href":"https:\/\/aeroviarios.org.br\/index.php\/wp-json\/wp\/v2\/comments?post=9722"}],"version-history":[{"count":0,"href":"https:\/\/aeroviarios.org.br\/index.php\/wp-json\/wp\/v2\/posts\/9722\/revisions"}],"wp:featuredmedia":[{"embeddable":true,"href":"https:\/\/aeroviarios.org.br\/index.php\/wp-json\/"}],"wp:attachment":[{"href":"https:\/\/aeroviarios.org.br\/index.php\/wp-json\/wp\/v2\/media?parent=9722"}],"wp:term":[{"taxonomy":"category","embeddable":true,"href":"https:\/\/aeroviarios.org.br\/index.php\/wp-json\/wp\/v2\/categories?post=9722"},{"taxonomy":"post_tag","embeddable":true,"href":"https:\/\/aeroviarios.org.br\/index.php\/wp-json\/wp\/v2\/tags?post=9722"}],"curies":[{"name":"wp","href":"https:\/\/api.w.org\/{rel}","templated":true}]}}