{"id":9697,"date":"2018-10-25T15:48:28","date_gmt":"2018-10-25T15:48:28","guid":{"rendered":"http:\/\/aeroviarios.org.br\/?p=9697"},"modified":"2018-10-25T15:48:28","modified_gmt":"2018-10-25T15:48:28","slug":"aeroviarios-gauchos-embarcam-na-campanha-salarial-20182019","status":"publish","type":"post","link":"https:\/\/aeroviarios.org.br\/index.php\/2018\/10\/25\/aeroviarios-gauchos-embarcam-na-campanha-salarial-20182019\/","title":{"rendered":"Aerovi\u00e1rios ga\u00fachos embarcam na Campanha Salarial 2018\/2019"},"content":{"rendered":"<p>Aconteceu, nesta ter\u00e7a-feira (23), o lan\u00e7amento da Campanha Salarial 2018\/2019 no Salgado Filho e na TAP ME. Neste mesmo dia, em S\u00e3o Paulo, representantes do Sindicato dos Aerovi\u00e1rios de Porto Alegre e dos demais sindicatos filiados \u00e0 Fentac\/CUT deram in\u00edcio \u00e0s negocia\u00e7\u00f5es desta Campanha.<\/p>\n<figure id=\"attachment_9706\" aria-describedby=\"caption-attachment-9706\" style=\"width: 702px\" class=\"wp-caption aligncenter\"><a href=\"https:\/\/aeroviarios.org.br\/novo\/wp-content\/uploads\/2018\/10\/IMG_3109.jpg\"><img fetchpriority=\"high\" decoding=\"async\" class=\"wp-image-9706 size-large\" src=\"https:\/\/aeroviarios.org.br\/novo\/wp-content\/uploads\/2018\/10\/IMG_3109-1024x683.jpg\" alt=\"\" width=\"702\" height=\"468\" \/><\/a><figcaption id=\"caption-attachment-9706\" class=\"wp-caption-text\">Diretor de comunica\u00e7\u00e3o do Sindicato, Osvaldo Rodrigues fala para os aerovi\u00e1rios em frente ao check-in da Gol (Johnny Oliveira\/Sindicato)<\/figcaption><\/figure>\n<p>Por volta das 6h, diretores do Sindicato ocuparam, com faixas e sistema de som, o sagu\u00e3o do Terminal 1 do Salgado Filho. Neste ano, as categorias aeronauta e aerovi\u00e1ria lutam por um ganho real de 2% e a reposi\u00e7\u00e3o da infla\u00e7\u00e3o em todas as cl\u00e1usulas econ\u00f4micas, al\u00e9m da manuten\u00e7\u00e3o da Conven\u00e7\u00e3o Coletiva de Trabalho (CCT) aliada a modifica\u00e7\u00f5es e novas cl\u00e1usulas.<br \/>\nEntre as novas cl\u00e1usulas e modifica\u00e7\u00f5es de itens j\u00e1 existentes, destacam-se a extens\u00e3o do aux\u00edlio-creche tamb\u00e9m para os pais aerovi\u00e1rios e a obrigatoriedade de as homologa\u00e7\u00f5es serem feitas com o acompanhamento do Sindicato, com o intuito de evitar preju\u00edzo para os trabalhadores.<\/p>\n<p>Este in\u00edcio oficial, pouco mais de um m\u00eas antes da data-base aerovi\u00e1ria, fixada em 1\u00b0 de dezembro, marca o come\u00e7o de uma caminhada que deve figurar entre as mais dif\u00edceis j\u00e1 trilhadas pelos aerovi\u00e1rios. Isto porque, se no ano passado a Reforma Trabalhista era um elemento novo na mesa de negocia\u00e7\u00e3o e ainda n\u00e3o era praticada em sua integralidade pelas empresas, agora essa Reforma \u00e9 uma realidade consistente em empresas de todos os setores da sociedade.<\/p>\n<figure id=\"attachment_9698\" aria-describedby=\"caption-attachment-9698\" style=\"width: 519px\" class=\"wp-caption aligncenter\"><a href=\"https:\/\/aeroviarios.org.br\/novo\/wp-content\/uploads\/2018\/10\/IMG_3348.jpg\"><img decoding=\"async\" class=\"wp-image-9698 \" src=\"https:\/\/aeroviarios.org.br\/novo\/wp-content\/uploads\/2018\/10\/IMG_3348-683x1024.jpg\" alt=\"\" width=\"519\" height=\"778\" \/><\/a><figcaption id=\"caption-attachment-9698\" class=\"wp-caption-text\">Presidente do Sindicato Leonel Montezana fala aos aerovi\u00e1rios no Terminal 2 (Johnny Oliveira\/Sindicato)<\/figcaption><\/figure>\n<p>Para o Sindicato, a Campanha Salarial 2018\/2019 ser\u00e1 um grande desafio. A entidade considera que a mobiliza\u00e7\u00e3o da categoria ser\u00e1 extremamente necess\u00e1ria para que, com a unidade entre aerovi\u00e1rios e aeronautas, os objetivos fixados sejam conquistados.<\/p>\n<p><strong>\u201cN\u00f3s temos a experi\u00eancia de anos de negocia\u00e7\u00e3o, mas com a mobiliza\u00e7\u00e3o da categoria n\u00f3s somos muito mais fortes\u201d<\/strong>, afirma a diretoria do Sindicato.<\/p>\n<p>A pr\u00f3xima reuni\u00e3o de negocia\u00e7\u00e3o est\u00e1 marcada para o dia 31 de outubro, em S\u00e3o Paulo, em local ainda indefinido.<\/p>\n<figure id=\"attachment_9703\" aria-describedby=\"caption-attachment-9703\" style=\"width: 702px\" class=\"wp-caption aligncenter\"><a href=\"https:\/\/aeroviarios.org.br\/novo\/wp-content\/uploads\/2018\/10\/IMG_3317-2.jpg\"><img decoding=\"async\" class=\"wp-image-9703 size-large\" src=\"https:\/\/aeroviarios.org.br\/novo\/wp-content\/uploads\/2018\/10\/IMG_3317-2-1024x683.jpg\" alt=\"\" width=\"702\" height=\"468\" \/><\/a><figcaption id=\"caption-attachment-9703\" class=\"wp-caption-text\">Estacionamento mais acess\u00edvel e seguran\u00e7a s\u00e3o as pedidas mais urgentes dos trabalhadores do Salgado Filho (Johnny Oliveira\/Sindicato)<\/figcaption><\/figure>\n","protected":false},"excerpt":{"rendered":"<p>Aconteceu, nesta ter\u00e7a-feira (23), o lan\u00e7amento da Campanha Salarial 2018\/2019 no Salgado Filho e na TAP ME. Neste mesmo dia, em S\u00e3o Paulo, representantes do Sindicato dos Aerovi\u00e1rios de Porto Alegre e dos demais sindicatos filiados \u00e0 Fentac\/CUT deram in\u00edcio \u00e0s negocia\u00e7\u00f5es desta Campanha. Por volta das 6h, diretores do Sindicato ocuparam, com faixas e<\/p>\n","protected":false},"author":1,"featured_media":9710,"comment_status":"open","ping_status":"open","sticky":false,"template":"","format":"standard","meta":{"footnotes":""},"categories":[41],"tags":[],"class_list":{"0":"post-9697","1":"post","2":"type-post","3":"status-publish","4":"format-standard","5":"has-post-thumbnail","7":"category-uncategorized"},"_links":{"self":[{"href":"https:\/\/aeroviarios.org.br\/index.php\/wp-json\/wp\/v2\/posts\/9697","targetHints":{"allow":["GET"]}}],"collection":[{"href":"https:\/\/aeroviarios.org.br\/index.php\/wp-json\/wp\/v2\/posts"}],"about":[{"href":"https:\/\/aeroviarios.org.br\/index.php\/wp-json\/wp\/v2\/types\/post"}],"author":[{"embeddable":true,"href":"https:\/\/aeroviarios.org.br\/index.php\/wp-json\/wp\/v2\/users\/1"}],"replies":[{"embeddable":true,"href":"https:\/\/aeroviarios.org.br\/index.php\/wp-json\/wp\/v2\/comments?post=9697"}],"version-history":[{"count":0,"href":"https:\/\/aeroviarios.org.br\/index.php\/wp-json\/wp\/v2\/posts\/9697\/revisions"}],"wp:featuredmedia":[{"embeddable":true,"href":"https:\/\/aeroviarios.org.br\/index.php\/wp-json\/"}],"wp:attachment":[{"href":"https:\/\/aeroviarios.org.br\/index.php\/wp-json\/wp\/v2\/media?parent=9697"}],"wp:term":[{"taxonomy":"category","embeddable":true,"href":"https:\/\/aeroviarios.org.br\/index.php\/wp-json\/wp\/v2\/categories?post=9697"},{"taxonomy":"post_tag","embeddable":true,"href":"https:\/\/aeroviarios.org.br\/index.php\/wp-json\/wp\/v2\/tags?post=9697"}],"curies":[{"name":"wp","href":"https:\/\/api.w.org\/{rel}","templated":true}]}}