{"id":9695,"date":"2018-10-25T14:41:04","date_gmt":"2018-10-25T14:41:04","guid":{"rendered":"http:\/\/aeroviarios.org.br\/?p=9695"},"modified":"2018-10-25T14:41:04","modified_gmt":"2018-10-25T14:41:04","slug":"fraport-responsabiliza-aereas-por-estacionamento","status":"publish","type":"post","link":"https:\/\/aeroviarios.org.br\/index.php\/2018\/10\/25\/fraport-responsabiliza-aereas-por-estacionamento\/","title":{"rendered":"Fraport responsabiliza a\u00e9reas por estacionamento"},"content":{"rendered":"<p>Nesta segunda-feira (22), diretores do Sindicato dos Aerovi\u00e1rios de Porto Alegre participaram de uma reuni\u00e3o com o diretor de opera\u00e7\u00f5es e com representantes jur\u00eddicos e da Seguran\u00e7a do Trabalho da Fraport.<\/p>\n<p>A quest\u00e3o mais cr\u00edtica para os aerovi\u00e1rios, as melhores condi\u00e7\u00f5es de estacionamento para quem trabalha nos terminais, est\u00e1 finalmente se encaminhando para uma solu\u00e7\u00e3o. A Estapar, que gere os estacionamentos do Salgado Filho, j\u00e1 notificou as empresas sobre a possibilidade de negociar um valor mais baixo em forma de conv\u00eanio, o que deve ser acompanhado pelo Sindicato. A Fraport tamb\u00e9m afirmou que n\u00e3o ceder\u00e1 \u00e1reas para estacionamento gratuito.<\/p>\n<p>As esteiras da Azul, apesar de registrarem ru\u00eddo dentro da legisla\u00e7\u00e3o, continuam gerando um barulho incomodo. Mas, para a Fraport, se est\u00e1 dentro da legisla\u00e7\u00e3o, n\u00e3o \u00e9 preciso tomar provid\u00eancias. Tamb\u00e9m sobre o mesmo terminal, quanto ao forte mau cheiro que atinge o check-in, a empresa afirmou desconhecer a quest\u00e3o e se comprometeu em averiguar.<\/p>\n<p>J\u00e1 sobre quest\u00f5es como banheiros prec\u00e1rios e vesti\u00e1rios em containers, espa\u00e7os pertencentes \u00e0s empresas Latam e Avianca, a Fraport alega que \u00e9 de responsabilidade das empresas que locam os espa\u00e7os providenciar a infraestrutura adequada. Segundo a Fraport, cabe a ela apenas alugar as \u00e1reas do aeroporto. O Sindicato ir\u00e1 cobrar das empresas uma adequa\u00e7\u00e3o desses espa\u00e7os.<br \/>\nPara o Sindicato, a posi\u00e7\u00e3o da Fraport \u00e9 de n\u00e3o se responsabilizar pelas condi\u00e7\u00f5es de trabalho dos aerovi\u00e1rios. Em todos os temas que foram discutidos nesta reuni\u00e3o, a empresa ou \u201clavou as m\u00e3os\u201d ou \u201cpassou a bola\u201d diretamente para as empresas aerovi\u00e1rias.<\/p>\n<p>Segundo os diretores da entidade sindical, \u201ca \u00fanica sa\u00edda que n\u00f3s projetamos \u00e9 a organiza\u00e7\u00e3o dos trabalhadores em uma luta por melhores condi\u00e7\u00f5es de trabalho\u201d.<\/p>\n","protected":false},"excerpt":{"rendered":"<p>Nesta segunda-feira (22), diretores do Sindicato dos Aerovi\u00e1rios de Porto Alegre participaram de uma reuni\u00e3o com o diretor de opera\u00e7\u00f5es e com representantes jur\u00eddicos e da Seguran\u00e7a do Trabalho da Fraport. A quest\u00e3o mais cr\u00edtica para os aerovi\u00e1rios, as melhores condi\u00e7\u00f5es de estacionamento para quem trabalha nos terminais, est\u00e1 finalmente se encaminhando para uma solu\u00e7\u00e3o.<\/p>\n","protected":false},"author":1,"featured_media":9064,"comment_status":"open","ping_status":"open","sticky":false,"template":"","format":"standard","meta":{"footnotes":""},"categories":[27,31],"tags":[],"class_list":{"0":"post-9695","1":"post","2":"type-post","3":"status-publish","4":"format-standard","5":"has-post-thumbnail","7":"category-geral","8":"category-noticias"},"_links":{"self":[{"href":"https:\/\/aeroviarios.org.br\/index.php\/wp-json\/wp\/v2\/posts\/9695","targetHints":{"allow":["GET"]}}],"collection":[{"href":"https:\/\/aeroviarios.org.br\/index.php\/wp-json\/wp\/v2\/posts"}],"about":[{"href":"https:\/\/aeroviarios.org.br\/index.php\/wp-json\/wp\/v2\/types\/post"}],"author":[{"embeddable":true,"href":"https:\/\/aeroviarios.org.br\/index.php\/wp-json\/wp\/v2\/users\/1"}],"replies":[{"embeddable":true,"href":"https:\/\/aeroviarios.org.br\/index.php\/wp-json\/wp\/v2\/comments?post=9695"}],"version-history":[{"count":0,"href":"https:\/\/aeroviarios.org.br\/index.php\/wp-json\/wp\/v2\/posts\/9695\/revisions"}],"wp:featuredmedia":[{"embeddable":true,"href":"https:\/\/aeroviarios.org.br\/index.php\/wp-json\/"}],"wp:attachment":[{"href":"https:\/\/aeroviarios.org.br\/index.php\/wp-json\/wp\/v2\/media?parent=9695"}],"wp:term":[{"taxonomy":"category","embeddable":true,"href":"https:\/\/aeroviarios.org.br\/index.php\/wp-json\/wp\/v2\/categories?post=9695"},{"taxonomy":"post_tag","embeddable":true,"href":"https:\/\/aeroviarios.org.br\/index.php\/wp-json\/wp\/v2\/tags?post=9695"}],"curies":[{"name":"wp","href":"https:\/\/api.w.org\/{rel}","templated":true}]}}