{"id":9688,"date":"2018-10-25T16:03:53","date_gmt":"2018-10-25T16:03:53","guid":{"rendered":"http:\/\/aeroviarios.org.br\/?p=9688"},"modified":"2018-10-25T16:03:53","modified_gmt":"2018-10-25T16:03:53","slug":"outubro-rosa-e-pela-vidas-mulheres","status":"publish","type":"post","link":"https:\/\/aeroviarios.org.br\/index.php\/2018\/10\/25\/outubro-rosa-e-pela-vidas-mulheres\/","title":{"rendered":"Outubro Rosa \u00e9 pela vida das mulheres"},"content":{"rendered":"<p>O c\u00e2ncer de mama, depois do de pele, \u00e9 o tipo de c\u00e2ncer mais comum no Brasil e o que causa o maior n\u00famero de mortes. S\u00e3o diversos fatores que s\u00e3o considerados de risco, hormonais, fatores de comportamento, gen\u00e9ticos e relacionados ao hist\u00f3rico reprodutivo da mulher.<\/p>\n<p>Alguns desses fatores de risco, por\u00e9m, s\u00e3o evit\u00e1veis. O sedentarismo e o controle do peso, que podem ser combatidos com a pr\u00e1tica de exerc\u00edcios e com dieta, e o consumo de \u00e1lcool, que pode ser reduzido, s\u00e3o algumas maneiras de diminuir a chance de desenvolvimento da doen\u00e7a.<\/p>\n<p>Quando tratamos de doen\u00e7as, independente da gravidade, o melhor rem\u00e9dio \u00e9 a preven\u00e7\u00e3o. No caso do c\u00e2ncer de mama, n\u00e3o \u00e9 diferente. Segundo Instituto Nacional de C\u00e2ncer Jos\u00e9 de Alencar (Inca), \u00e9 recomend\u00e1vel que as mulheres examinem as mamas no dia a dia para que possam reconhecer suas varia\u00e7\u00f5es naturais, facilitando a identifica\u00e7\u00e3o de altera\u00e7\u00f5es. Para o Inca, mulheres de 50 a 69 anos devem realizar a mamografia a cada dois anos, e o acompanhamento m\u00e9dico para preven\u00e7\u00e3o \u00e9 recomendado para todas as idades.<\/p>\n<p><strong>\u00c9 preciso que todas estejam atentas aos principais sintomas deste c\u00e2ncer, s\u00e3o eles:<\/strong><br \/>\n<em>Presen\u00e7a de caro\u00e7o geralmente indolor <\/em><br \/>\n<em> Pele da mama avermelhada, retra\u00edda ou com casca laranja<\/em><br \/>\n<em> Altera\u00e7\u00f5es no bico do peito<\/em><br \/>\n<em> N\u00f3dulos na regi\u00e3o das axilas ou pesco\u00e7o<\/em><br \/>\n<em> Sa\u00edda de l\u00edquido anormal das mamas.<\/em><\/p>\n<p>Para acessar o material impresso produzido pelo Sindicato, <a href=\"https:\/\/aeroviarios.org.br\/novo\/wp-content\/uploads\/2018\/10\/out-rosa-nov-azul2018-print.pdf\">clique aqui<\/a>.<\/p>\n","protected":false},"excerpt":{"rendered":"<p>O c\u00e2ncer de mama, depois do de pele, \u00e9 o tipo de c\u00e2ncer mais comum no Brasil e o que causa o maior n\u00famero de mortes. S\u00e3o diversos fatores que s\u00e3o considerados de risco, hormonais, fatores de comportamento, gen\u00e9ticos e relacionados ao hist\u00f3rico reprodutivo da mulher. Alguns desses fatores de risco, por\u00e9m, s\u00e3o evit\u00e1veis. O<\/p>\n","protected":false},"author":1,"featured_media":9713,"comment_status":"open","ping_status":"open","sticky":false,"template":"","format":"standard","meta":{"footnotes":""},"categories":[31,28],"tags":[],"class_list":{"0":"post-9688","1":"post","2":"type-post","3":"status-publish","4":"format-standard","5":"has-post-thumbnail","7":"category-noticias","8":"category-saude"},"_links":{"self":[{"href":"https:\/\/aeroviarios.org.br\/index.php\/wp-json\/wp\/v2\/posts\/9688","targetHints":{"allow":["GET"]}}],"collection":[{"href":"https:\/\/aeroviarios.org.br\/index.php\/wp-json\/wp\/v2\/posts"}],"about":[{"href":"https:\/\/aeroviarios.org.br\/index.php\/wp-json\/wp\/v2\/types\/post"}],"author":[{"embeddable":true,"href":"https:\/\/aeroviarios.org.br\/index.php\/wp-json\/wp\/v2\/users\/1"}],"replies":[{"embeddable":true,"href":"https:\/\/aeroviarios.org.br\/index.php\/wp-json\/wp\/v2\/comments?post=9688"}],"version-history":[{"count":0,"href":"https:\/\/aeroviarios.org.br\/index.php\/wp-json\/wp\/v2\/posts\/9688\/revisions"}],"wp:featuredmedia":[{"embeddable":true,"href":"https:\/\/aeroviarios.org.br\/index.php\/wp-json\/"}],"wp:attachment":[{"href":"https:\/\/aeroviarios.org.br\/index.php\/wp-json\/wp\/v2\/media?parent=9688"}],"wp:term":[{"taxonomy":"category","embeddable":true,"href":"https:\/\/aeroviarios.org.br\/index.php\/wp-json\/wp\/v2\/categories?post=9688"},{"taxonomy":"post_tag","embeddable":true,"href":"https:\/\/aeroviarios.org.br\/index.php\/wp-json\/wp\/v2\/tags?post=9688"}],"curies":[{"name":"wp","href":"https:\/\/api.w.org\/{rel}","templated":true}]}}