{"id":9686,"date":"2018-10-18T17:19:14","date_gmt":"2018-10-18T17:19:14","guid":{"rendered":"http:\/\/aeroviarios.org.br\/?p=9686"},"modified":"2018-10-18T17:19:14","modified_gmt":"2018-10-18T17:19:14","slug":"advogada-civel-nao-atendera-no-proximo-dia-1","status":"publish","type":"post","link":"https:\/\/aeroviarios.org.br\/index.php\/2018\/10\/18\/advogada-civel-nao-atendera-no-proximo-dia-1\/","title":{"rendered":"Advogada C\u00edvel n\u00e3o atender\u00e1 no pr\u00f3ximo dia 1\u00b0"},"content":{"rendered":"<p>A\u00a0Dra. Ju\u00e7ara Lopes Moraes, Advogada C\u00edvel que atende os aerovi\u00e1rios na sede do Sindicato, n\u00e3o atender\u00e1 no pr\u00f3ximo dia 1\u00b0 de novembro.<\/p>\n<p>Na quinta-feira (25) e a partir do dia 8 de novembro, os atendimentos devem ser realizados normalmente.<\/p>\n","protected":false},"excerpt":{"rendered":"<p>A\u00a0Dra. Ju\u00e7ara Lopes Moraes, Advogada C\u00edvel que atende os aerovi\u00e1rios na sede do Sindicato, n\u00e3o atender\u00e1 no pr\u00f3ximo dia 1\u00b0 de novembro. Na quinta-feira (25) e a partir do dia 8 de novembro, os atendimentos devem ser realizados normalmente.<\/p>\n","protected":false},"author":1,"featured_media":7705,"comment_status":"open","ping_status":"open","sticky":false,"template":"","format":"standard","meta":{"footnotes":""},"categories":[29,31],"tags":[],"class_list":{"0":"post-9686","1":"post","2":"type-post","3":"status-publish","4":"format-standard","5":"has-post-thumbnail","7":"category-juridico","8":"category-noticias"},"_links":{"self":[{"href":"https:\/\/aeroviarios.org.br\/index.php\/wp-json\/wp\/v2\/posts\/9686","targetHints":{"allow":["GET"]}}],"collection":[{"href":"https:\/\/aeroviarios.org.br\/index.php\/wp-json\/wp\/v2\/posts"}],"about":[{"href":"https:\/\/aeroviarios.org.br\/index.php\/wp-json\/wp\/v2\/types\/post"}],"author":[{"embeddable":true,"href":"https:\/\/aeroviarios.org.br\/index.php\/wp-json\/wp\/v2\/users\/1"}],"replies":[{"embeddable":true,"href":"https:\/\/aeroviarios.org.br\/index.php\/wp-json\/wp\/v2\/comments?post=9686"}],"version-history":[{"count":0,"href":"https:\/\/aeroviarios.org.br\/index.php\/wp-json\/wp\/v2\/posts\/9686\/revisions"}],"wp:featuredmedia":[{"embeddable":true,"href":"https:\/\/aeroviarios.org.br\/index.php\/wp-json\/"}],"wp:attachment":[{"href":"https:\/\/aeroviarios.org.br\/index.php\/wp-json\/wp\/v2\/media?parent=9686"}],"wp:term":[{"taxonomy":"category","embeddable":true,"href":"https:\/\/aeroviarios.org.br\/index.php\/wp-json\/wp\/v2\/categories?post=9686"},{"taxonomy":"post_tag","embeddable":true,"href":"https:\/\/aeroviarios.org.br\/index.php\/wp-json\/wp\/v2\/tags?post=9686"}],"curies":[{"name":"wp","href":"https:\/\/api.w.org\/{rel}","templated":true}]}}