{"id":9596,"date":"2018-09-13T15:12:03","date_gmt":"2018-09-13T15:12:03","guid":{"rendered":"http:\/\/aeroviarios.org.br\/?p=9596"},"modified":"2018-09-13T15:12:03","modified_gmt":"2018-09-13T15:12:03","slug":"editorial-eles-foram-favor-da-reforma-trabalhista","status":"publish","type":"post","link":"https:\/\/aeroviarios.org.br\/index.php\/2018\/09\/13\/editorial-eles-foram-favor-da-reforma-trabalhista\/","title":{"rendered":"EDITORIAL: Eles foram a favor da Reforma Trabalhista"},"content":{"rendered":"<p style=\"text-align: left;\">Em muitos momentos, em seus hor\u00e1rios de propaganda na televis\u00e3o, eles afirmam que lutar\u00e3o pelo emprego, por uma vida melhor para o trabalhador e por direitos justos para o cidad\u00e3o. Agora, em \u00e9poca de elei\u00e7\u00e3o, essas pessoas afirmam estar do lado do trabalhador, mas o que estes candidatos fizeram em 26 de abril de 2017, quando foi votada a Reforma Trabalhista na C\u00e2mara dos Deputados? Votaram SIM pela retirada de direitos do trabalhador.<\/p>\n<p>Hoje, o emprego no Brasil passa por uma situa\u00e7\u00e3o muito delicada. Quem tem trabalho v\u00ea seu sal\u00e1rio ser cada vez mais diminu\u00eddo frente ao aumento da gasolina e dos itens b\u00e1sicos de consumo. J\u00e1 o desemprego aumenta todos os dias, isso em um mercado de trabalho que n\u00e3o abre novas vagas. A terceiriza\u00e7\u00e3o, o trabalho intermitente e o crescimento das atividades informais fecham essa conta desastrosa para o trabalhador brasileiro.<\/p>\n<p>Esta Reforma, que foi amplamente divulgada como uma \u201cmoderniza\u00e7\u00e3o da legisla\u00e7\u00e3o trabalhista\u201d, tem se provado diariamente ser uma senten\u00e7a que condena o povo brasileiro a p\u00e9ssimas condi\u00e7\u00f5es de trabalho, isso quando h\u00e1 trabalho.<\/p>\n<p>Aerovi\u00e1rio, n\u00e3o vote em candidatos que s\u00e3o contra os direitos dos trabalhadores. Fique atento! Hoje eles pedem nosso voto, amanh\u00e3 nos tirar\u00e3o mais direitos!<\/p>\n<p><em><strong>Estes deputados votaram a favor da Reforma Trabalhista<\/strong><\/em><\/p>\n<p>Alceu Moreira (MDB)<br \/>\nCajar Nardes (PODE)<br \/>\nCarlos Gomes (PRB)<br \/>\nCovatti Filho (PP)<br \/>\nDanrlei de Deus (PSD)<br \/>\nDarc\u00edsio Perondi (MDB)<br \/>\nJair Bolsonaro (PSL)<br \/>\nJer\u00f4nimo Goergen (PP)<br \/>\nJones Martins (MDB)<br \/>\nLuis Carlos Heinze (PP)<br \/>\nMauro Pereira (MDB)<br \/>\nOnyx Lorenzoni (DEM)<br \/>\nRenato Molling (PP)<br \/>\nRonaldo Nogueira (PTB)<br \/>\nYeda Crusius (PSDB)<\/p>\n","protected":false},"excerpt":{"rendered":"<p>Em muitos momentos, em seus hor\u00e1rios de propaganda na televis\u00e3o, eles afirmam que lutar\u00e3o pelo emprego, por uma vida melhor para o trabalhador e por direitos justos para o cidad\u00e3o. Agora, em \u00e9poca de elei\u00e7\u00e3o, essas pessoas afirmam estar do lado do trabalhador, mas o que estes candidatos fizeram em 26 de abril de 2017,<\/p>\n","protected":false},"author":1,"featured_media":9463,"comment_status":"open","ping_status":"open","sticky":false,"template":"","format":"standard","meta":{"footnotes":""},"categories":[39],"tags":[],"class_list":{"0":"post-9596","1":"post","2":"type-post","3":"status-publish","4":"format-standard","5":"has-post-thumbnail","7":"category-editoriais"},"_links":{"self":[{"href":"https:\/\/aeroviarios.org.br\/index.php\/wp-json\/wp\/v2\/posts\/9596","targetHints":{"allow":["GET"]}}],"collection":[{"href":"https:\/\/aeroviarios.org.br\/index.php\/wp-json\/wp\/v2\/posts"}],"about":[{"href":"https:\/\/aeroviarios.org.br\/index.php\/wp-json\/wp\/v2\/types\/post"}],"author":[{"embeddable":true,"href":"https:\/\/aeroviarios.org.br\/index.php\/wp-json\/wp\/v2\/users\/1"}],"replies":[{"embeddable":true,"href":"https:\/\/aeroviarios.org.br\/index.php\/wp-json\/wp\/v2\/comments?post=9596"}],"version-history":[{"count":0,"href":"https:\/\/aeroviarios.org.br\/index.php\/wp-json\/wp\/v2\/posts\/9596\/revisions"}],"wp:featuredmedia":[{"embeddable":true,"href":"https:\/\/aeroviarios.org.br\/index.php\/wp-json\/"}],"wp:attachment":[{"href":"https:\/\/aeroviarios.org.br\/index.php\/wp-json\/wp\/v2\/media?parent=9596"}],"wp:term":[{"taxonomy":"category","embeddable":true,"href":"https:\/\/aeroviarios.org.br\/index.php\/wp-json\/wp\/v2\/categories?post=9596"},{"taxonomy":"post_tag","embeddable":true,"href":"https:\/\/aeroviarios.org.br\/index.php\/wp-json\/wp\/v2\/tags?post=9596"}],"curies":[{"name":"wp","href":"https:\/\/api.w.org\/{rel}","templated":true}]}}