{"id":9512,"date":"2018-08-24T18:36:15","date_gmt":"2018-08-24T18:36:15","guid":{"rendered":"http:\/\/aeroviarios.org.br\/?p=9512"},"modified":"2018-08-24T18:36:15","modified_gmt":"2018-08-24T18:36:15","slug":"reuniao-com-presidente-do-snea-trata-de-problemas-da-categoria","status":"publish","type":"post","link":"https:\/\/aeroviarios.org.br\/index.php\/2018\/08\/24\/reuniao-com-presidente-do-snea-trata-de-problemas-da-categoria\/","title":{"rendered":"Reuni\u00e3o com presidente do Snea trata de problemas da categoria"},"content":{"rendered":"<p>Na manh\u00e3 desta sexta-feira (24), a diretoria do Sindicato dos Aerovi\u00e1rios de Porto Alegre recebeu uma visita, na sede da entidade, do presidente do Sindicato Nacional das Empresas Aerovi\u00e1rias (Snea) Ronaldo Bento Trad. A reuni\u00e3o foi uma forma de adiantar para o representante das empresas algumas das demandas da categoria que ser\u00e3o trabalhadas na Campanha Salarial 2018\/2019. Essa visita faz parte de uma s\u00e9rie de encontros do presidente do sindicato patronal com os sindicatos que representam os trabalhadores por todo o Brasil.<\/p>\n<figure id=\"attachment_9517\" aria-describedby=\"caption-attachment-9517\" style=\"width: 702px\" class=\"wp-caption aligncenter\"><img fetchpriority=\"high\" decoding=\"async\" class=\"wp-image-9517 size-large\" src=\"https:\/\/aeroviarios.org.br\/novo\/wp-content\/uploads\/2018\/08\/IMG_2409-1-1024x683.jpg\" alt=\"\" width=\"702\" height=\"468\" \/><figcaption id=\"caption-attachment-9517\" class=\"wp-caption-text\">Encontro contou com a presen\u00e7a de diretores que atuam na TAP ME e nas empresas no Salgado Filho (Johnny Oliveira\/Sindicato)<\/figcaption><\/figure>\n<p>Quest\u00f5es como a inclus\u00e3o de uma cl\u00e1usula que garanta o acompanhamento das homologa\u00e7\u00f5es por parte do Sindicato, o cumprimento da cl\u00e1usula que garante a entrega do PPP em at\u00e9 10 dias, o descumprimento da Conven\u00e7\u00e3o Coletiva de Trabalho (CCT) na compensa\u00e7\u00e3o de horas extras e a terceiriza\u00e7\u00e3o de alguns setores por parte de empresas do setor foram alguns dos temas debatidos na reuni\u00e3o.<\/p>\n<p>Na ocasi\u00e3o, o Sindicato tamb\u00e9m entregou para o presidente do Snea o abaixo-assinado dos trabalhadores do Salgado filho que solicita mais seguran\u00e7a e um estacionamento gratuito ou acess\u00edvel para quem trabalha no local.<\/p>\n<p><img decoding=\"async\" class=\"aligncenter size-large wp-image-9514\" src=\"https:\/\/aeroviarios.org.br\/novo\/wp-content\/uploads\/2018\/08\/IMG_2355-1024x683.jpg\" alt=\"\" width=\"702\" height=\"468\" \/><\/p>\n<p>Uma assembleia dever\u00e1 ocorrer no m\u00eas de setembro para que a categoria possa debater as pautas, aprovar ou rejeitar itens que ser\u00e3o levados para as rodadas de negocia\u00e7\u00e3o da Campanha Salarial 2018\/2019. A entrega dessa pauta para o Snea dever\u00e1 ocorrer at\u00e9 o dia 20 de setembro.<\/p>\n","protected":false},"excerpt":{"rendered":"<p>Na manh\u00e3 desta sexta-feira (24), a diretoria do Sindicato dos Aerovi\u00e1rios de Porto Alegre recebeu uma visita, na sede da entidade, do presidente do Sindicato Nacional das Empresas Aerovi\u00e1rias (Snea) Ronaldo Bento Trad. A reuni\u00e3o foi uma forma de adiantar para o representante das empresas algumas das demandas da categoria que ser\u00e3o trabalhadas na Campanha<\/p>\n","protected":false},"author":1,"featured_media":9513,"comment_status":"open","ping_status":"open","sticky":false,"template":"","format":"standard","meta":{"footnotes":""},"categories":[27,31],"tags":[],"class_list":{"0":"post-9512","1":"post","2":"type-post","3":"status-publish","4":"format-standard","5":"has-post-thumbnail","7":"category-geral","8":"category-noticias"},"_links":{"self":[{"href":"https:\/\/aeroviarios.org.br\/index.php\/wp-json\/wp\/v2\/posts\/9512","targetHints":{"allow":["GET"]}}],"collection":[{"href":"https:\/\/aeroviarios.org.br\/index.php\/wp-json\/wp\/v2\/posts"}],"about":[{"href":"https:\/\/aeroviarios.org.br\/index.php\/wp-json\/wp\/v2\/types\/post"}],"author":[{"embeddable":true,"href":"https:\/\/aeroviarios.org.br\/index.php\/wp-json\/wp\/v2\/users\/1"}],"replies":[{"embeddable":true,"href":"https:\/\/aeroviarios.org.br\/index.php\/wp-json\/wp\/v2\/comments?post=9512"}],"version-history":[{"count":0,"href":"https:\/\/aeroviarios.org.br\/index.php\/wp-json\/wp\/v2\/posts\/9512\/revisions"}],"wp:featuredmedia":[{"embeddable":true,"href":"https:\/\/aeroviarios.org.br\/index.php\/wp-json\/"}],"wp:attachment":[{"href":"https:\/\/aeroviarios.org.br\/index.php\/wp-json\/wp\/v2\/media?parent=9512"}],"wp:term":[{"taxonomy":"category","embeddable":true,"href":"https:\/\/aeroviarios.org.br\/index.php\/wp-json\/wp\/v2\/categories?post=9512"},{"taxonomy":"post_tag","embeddable":true,"href":"https:\/\/aeroviarios.org.br\/index.php\/wp-json\/wp\/v2\/tags?post=9512"}],"curies":[{"name":"wp","href":"https:\/\/api.w.org\/{rel}","templated":true}]}}