{"id":9497,"date":"2018-08-23T15:39:35","date_gmt":"2018-08-23T15:39:35","guid":{"rendered":"http:\/\/aeroviarios.org.br\/?p=9497"},"modified":"2018-08-23T15:39:35","modified_gmt":"2018-08-23T15:39:35","slug":"campanha-salarial-20182019-tera-luta-por-ganho-real-e-pela-cct","status":"publish","type":"post","link":"https:\/\/aeroviarios.org.br\/index.php\/2018\/08\/23\/campanha-salarial-20182019-tera-luta-por-ganho-real-e-pela-cct\/","title":{"rendered":"Campanha Salarial 2018\/2019 ter\u00e1 luta  por ganho real e pela CCT"},"content":{"rendered":"<p>Nos dias 17 e 18 de agosto, a sede do Sindicato dos Aerovi\u00e1rios de Porto Alegre recebeu o Semin\u00e1rio de Planejamento da Campanha Salarial 2018\/2019 da Fentac\/CUT. Para o Semin\u00e1rio, representantes do Sindicato Nacional de Aerovi\u00e1rios, do Sindicato Nacional de Aeronautas, dos sindicatos de Guarulhos, Recife, Campinas e Porto Alegre e da dire\u00e7\u00e3o da Fentac\/CUT estiveram presentes na casa do aerovi\u00e1rio ga\u00facho para discutir quest\u00f5es econ\u00f4micas, pol\u00edticas e tra\u00e7ar os rumos da Campanha. O evento foi realizado em parceria com os t\u00e9cnicos do Dieese Mahatma Ramos, Ricardo Franzoi e Anelise Manganelli, al\u00e9m do dirigente nacional da CUT Quintino Severo.<\/p>\n<figure id=\"attachment_9502\" aria-describedby=\"caption-attachment-9502\" style=\"width: 702px\" class=\"wp-caption aligncenter\"><img fetchpriority=\"high\" decoding=\"async\" class=\"wp-image-9502 size-large\" src=\"https:\/\/aeroviarios.org.br\/novo\/wp-content\/uploads\/2018\/08\/IMG_2218-1024x683.jpg\" alt=\"\" width=\"702\" height=\"468\" \/><figcaption id=\"caption-attachment-9502\" class=\"wp-caption-text\">Semin\u00e1rio aconteceu no Espa\u00e7o Cultural 14 Bis, na sede do Sindicato (Johnny Oliveira\/Sindicato)<\/figcaption><\/figure>\n<p>Pautas que j\u00e1 eram discutidas nas reuni\u00f5es bimestrais com o Sindicato Nacional das Empresas Aerovi\u00e1rias (Snea) como a extens\u00e3o do aux\u00edlio creche aos homens, o cumprimento da cl\u00e1usula que garante a entrega do PPP em at\u00e9 10 dias, a inclus\u00e3o de uma cl\u00e1usula que garanta que a homologa\u00e7\u00e3o seja acompanhada pelo Sindicato e mais uma cl\u00e1usula que reforce a responsabilidade das empresas na Sa\u00fade e Seguran\u00e7a do trabalhador foram mantidas como principais avan\u00e7os a serem conquistados. Al\u00e9m dessas altera\u00e7\u00f5es e inclus\u00f5es de cl\u00e1usulas, a manuten\u00e7\u00e3o de todos os direitos que j\u00e1 est\u00e3o assegurados na Conven\u00e7\u00e3o Coletiva de Trabalho (CCT) \u00e9 um dos nortes desta Campanha.<\/p>\n<figure id=\"attachment_9504\" aria-describedby=\"caption-attachment-9504\" style=\"width: 702px\" class=\"wp-caption aligncenter\"><img decoding=\"async\" class=\"wp-image-9504 size-large\" src=\"https:\/\/aeroviarios.org.br\/novo\/wp-content\/uploads\/2018\/08\/IMG_2180-1024x683.jpg\" alt=\"\" width=\"702\" height=\"468\" \/><figcaption id=\"caption-attachment-9504\" class=\"wp-caption-text\">Evento contou com a participa\u00e7\u00e3o de dirigentes de sindicatos de aerovi\u00e1rios de todo o pais filiados \u00e0 Fentac\/CUT, Sindicato Nacional dos Aeronautas e da pr\u00f3pria Fentac\/CUT<\/figcaption><\/figure>\n<p>Outra das metas estabelecidas pelo Semin\u00e1rio foi a de obter um ganho real para os itens econ\u00f4micos da CCT, visto que as empresas seguem crescendo no Brasil. Segundo n\u00fameros fornecidos pelo t\u00e9cnico do Dieese Mahatma Ramos, a Ag\u00eancia Nacional de Avia\u00e7\u00e3o Civil (Anac) afirma que avia\u00e7\u00e3o comercial brasileira cresceu 7,5% nos \u00faltimos seis meses, n\u00famero ainda maior do que o crescimento obtido pelos mercados norte americano e europeu.<\/p>\n<figure id=\"attachment_9505\" aria-describedby=\"caption-attachment-9505\" style=\"width: 702px\" class=\"wp-caption aligncenter\"><img decoding=\"async\" class=\"wp-image-9505 size-large\" src=\"https:\/\/aeroviarios.org.br\/novo\/wp-content\/uploads\/2018\/08\/IMG_2171-1024x683.jpg\" alt=\"\" width=\"702\" height=\"468\" \/><figcaption id=\"caption-attachment-9505\" class=\"wp-caption-text\">T\u00e9cnicos do Dieese abasteceram o Semin\u00e1rio com dados sobre negocia\u00e7\u00f5es coletivas e economia do Brasil<\/figcaption><\/figure>\n<p>Para o Presidente da Fentac\/CUT e Secret\u00e1rio do Sindicato Nacional dos Aeronautas Sergio Dias, \u201cnesta Campanha, percebemos nas reuni\u00f5es bimestrais que as empresas devem tentar avan\u00e7ar na retirada de direitos. Diante disso, vamos valorizar a nossa conven\u00e7\u00e3o coletiva para avan\u00e7ar nas conquistas\u201d, vis\u00e3o que \u00e9 refor\u00e7ada pelo Sindicato dos Aerovi\u00e1rios de Porto Alegre. Para os dirigentes ga\u00fachos, \u201cser\u00e1 preciso que os trabalhadores se unam pela causa que \u00e9 o nosso ganho real e a manuten\u00e7\u00e3o da nossa CCT, j\u00e1 que o que vem por a\u00ed deve ser um duro enfrentamento.\u201d<br \/>\nAs pautas levantadas no semin\u00e1rio devem ser debatidas pelos aerovi\u00e1rios de todas bases filiadas \u00e0 Fentac\/CUT ainda no m\u00eas de setembro. A partir desta defini\u00e7\u00e3o, os sindicatos devem entregar as pautas para o Snea at\u00e9 o dia vinte de setembro.<\/p>\n","protected":false},"excerpt":{"rendered":"<p>Nos dias 17 e 18 de agosto, a sede do Sindicato dos Aerovi\u00e1rios de Porto Alegre recebeu o Semin\u00e1rio de Planejamento da Campanha Salarial 2018\/2019 da Fentac\/CUT. Para o Semin\u00e1rio, representantes do Sindicato Nacional de Aerovi\u00e1rios, do Sindicato Nacional de Aeronautas, dos sindicatos de Guarulhos, Recife, Campinas e Porto Alegre e da dire\u00e7\u00e3o da Fentac\/CUT<\/p>\n","protected":false},"author":1,"featured_media":9510,"comment_status":"open","ping_status":"open","sticky":false,"template":"","format":"standard","meta":{"footnotes":""},"categories":[41],"tags":[],"class_list":{"0":"post-9497","1":"post","2":"type-post","3":"status-publish","4":"format-standard","5":"has-post-thumbnail","7":"category-uncategorized"},"_links":{"self":[{"href":"https:\/\/aeroviarios.org.br\/index.php\/wp-json\/wp\/v2\/posts\/9497","targetHints":{"allow":["GET"]}}],"collection":[{"href":"https:\/\/aeroviarios.org.br\/index.php\/wp-json\/wp\/v2\/posts"}],"about":[{"href":"https:\/\/aeroviarios.org.br\/index.php\/wp-json\/wp\/v2\/types\/post"}],"author":[{"embeddable":true,"href":"https:\/\/aeroviarios.org.br\/index.php\/wp-json\/wp\/v2\/users\/1"}],"replies":[{"embeddable":true,"href":"https:\/\/aeroviarios.org.br\/index.php\/wp-json\/wp\/v2\/comments?post=9497"}],"version-history":[{"count":0,"href":"https:\/\/aeroviarios.org.br\/index.php\/wp-json\/wp\/v2\/posts\/9497\/revisions"}],"wp:featuredmedia":[{"embeddable":true,"href":"https:\/\/aeroviarios.org.br\/index.php\/wp-json\/"}],"wp:attachment":[{"href":"https:\/\/aeroviarios.org.br\/index.php\/wp-json\/wp\/v2\/media?parent=9497"}],"wp:term":[{"taxonomy":"category","embeddable":true,"href":"https:\/\/aeroviarios.org.br\/index.php\/wp-json\/wp\/v2\/categories?post=9497"},{"taxonomy":"post_tag","embeddable":true,"href":"https:\/\/aeroviarios.org.br\/index.php\/wp-json\/wp\/v2\/tags?post=9497"}],"curies":[{"name":"wp","href":"https:\/\/api.w.org\/{rel}","templated":true}]}}