{"id":9495,"date":"2018-08-23T14:49:08","date_gmt":"2018-08-23T14:49:08","guid":{"rendered":"http:\/\/aeroviarios.org.br\/?p=9495"},"modified":"2018-08-23T14:49:08","modified_gmt":"2018-08-23T14:49:08","slug":"nota-de-falecimento-23","status":"publish","type":"post","link":"https:\/\/aeroviarios.org.br\/index.php\/2018\/08\/23\/nota-de-falecimento-23\/","title":{"rendered":"Nota de falecimento"},"content":{"rendered":"<p>No \u00faltimo s\u00e1bado (18), o Sindicato dos Aerovi\u00e1rios de Porto Alegre e toda a categoria aerovi\u00e1ria perderam um grande companheiro. Jorge de Lira, aposentado e sempre presente junto a entidade, debatendo os problemas da categoria e pensando atividades para os aerovi\u00e1rios aposentados, faleceu.<\/p>\n<p>A dire\u00e7\u00e3o da entidade lamenta a perda do companheiro e se coloca \u00e0 disposi\u00e7\u00e3o da fam\u00edlia para ajudar no que for necess\u00e1rio. \u201c Lamentamos muito a perda da conviv\u00eancia desse amigo muito especial, que ele esteja na companhia de Deus que com certeza estar\u00e1 bem\u201d, afirma o Sindicato.<\/p>\n","protected":false},"excerpt":{"rendered":"<p>No \u00faltimo s\u00e1bado (18), o Sindicato dos Aerovi\u00e1rios de Porto Alegre e toda a categoria aerovi\u00e1ria perderam um grande companheiro. Jorge de Lira, aposentado e sempre presente junto a entidade, debatendo os problemas da categoria e pensando atividades para os aerovi\u00e1rios aposentados, faleceu. A dire\u00e7\u00e3o da entidade lamenta a perda do companheiro e se coloca<\/p>\n","protected":false},"author":1,"featured_media":8091,"comment_status":"open","ping_status":"open","sticky":false,"template":"","format":"standard","meta":{"footnotes":""},"categories":[44,31],"tags":[],"class_list":{"0":"post-9495","1":"post","2":"type-post","3":"status-publish","4":"format-standard","5":"has-post-thumbnail","7":"category-notas-e-comunicados-2","8":"category-noticias"},"_links":{"self":[{"href":"https:\/\/aeroviarios.org.br\/index.php\/wp-json\/wp\/v2\/posts\/9495","targetHints":{"allow":["GET"]}}],"collection":[{"href":"https:\/\/aeroviarios.org.br\/index.php\/wp-json\/wp\/v2\/posts"}],"about":[{"href":"https:\/\/aeroviarios.org.br\/index.php\/wp-json\/wp\/v2\/types\/post"}],"author":[{"embeddable":true,"href":"https:\/\/aeroviarios.org.br\/index.php\/wp-json\/wp\/v2\/users\/1"}],"replies":[{"embeddable":true,"href":"https:\/\/aeroviarios.org.br\/index.php\/wp-json\/wp\/v2\/comments?post=9495"}],"version-history":[{"count":0,"href":"https:\/\/aeroviarios.org.br\/index.php\/wp-json\/wp\/v2\/posts\/9495\/revisions"}],"wp:featuredmedia":[{"embeddable":true,"href":"https:\/\/aeroviarios.org.br\/index.php\/wp-json\/"}],"wp:attachment":[{"href":"https:\/\/aeroviarios.org.br\/index.php\/wp-json\/wp\/v2\/media?parent=9495"}],"wp:term":[{"taxonomy":"category","embeddable":true,"href":"https:\/\/aeroviarios.org.br\/index.php\/wp-json\/wp\/v2\/categories?post=9495"},{"taxonomy":"post_tag","embeddable":true,"href":"https:\/\/aeroviarios.org.br\/index.php\/wp-json\/wp\/v2\/tags?post=9495"}],"curies":[{"name":"wp","href":"https:\/\/api.w.org\/{rel}","templated":true}]}}