{"id":9493,"date":"2018-08-23T14:37:37","date_gmt":"2018-08-23T14:37:37","guid":{"rendered":"http:\/\/aeroviarios.org.br\/?p=9493"},"modified":"2018-08-23T14:37:37","modified_gmt":"2018-08-23T14:37:37","slug":"sindicato-busca-solucao-para-estacionamento-no-aeroporto","status":"publish","type":"post","link":"https:\/\/aeroviarios.org.br\/index.php\/2018\/08\/23\/sindicato-busca-solucao-para-estacionamento-no-aeroporto\/","title":{"rendered":"Sindicato busca solu\u00e7\u00e3o para estacionamento no Aeroporto"},"content":{"rendered":"<p>O Sindicato dos Aerovi\u00e1rios de Porto Alegre est\u00e1 trabalhando para solucionar o problema dos trabalhadores que n\u00e3o t\u00eam onde estacionar e nem possuem condi\u00e7\u00f5es financeiras de arcar com o custo do estacionamento do Salgado Filho.<\/p>\n<p>Entre as a\u00e7\u00f5es tomadas pelo Sindicato, est\u00e3o a solicita\u00e7\u00e3o de cess\u00e3o de um espa\u00e7o desocupado da Fraport, a negocia\u00e7\u00e3o de conv\u00eanios com estacionamentos pr\u00f3ximos e reuni\u00f5es com as empresas aerovi\u00e1rias para formular uma a\u00e7\u00e3o conjunta para resolver este problema.<\/p>\n","protected":false},"excerpt":{"rendered":"<p>O Sindicato dos Aerovi\u00e1rios de Porto Alegre est\u00e1 trabalhando para solucionar o problema dos trabalhadores que n\u00e3o t\u00eam onde estacionar e nem possuem condi\u00e7\u00f5es financeiras de arcar com o custo do estacionamento do Salgado Filho. Entre as a\u00e7\u00f5es tomadas pelo Sindicato, est\u00e3o a solicita\u00e7\u00e3o de cess\u00e3o de um espa\u00e7o desocupado da Fraport, a negocia\u00e7\u00e3o de<\/p>\n","protected":false},"author":1,"featured_media":9064,"comment_status":"open","ping_status":"open","sticky":false,"template":"","format":"standard","meta":{"footnotes":""},"categories":[27,31],"tags":[],"class_list":{"0":"post-9493","1":"post","2":"type-post","3":"status-publish","4":"format-standard","5":"has-post-thumbnail","7":"category-geral","8":"category-noticias"},"_links":{"self":[{"href":"https:\/\/aeroviarios.org.br\/index.php\/wp-json\/wp\/v2\/posts\/9493","targetHints":{"allow":["GET"]}}],"collection":[{"href":"https:\/\/aeroviarios.org.br\/index.php\/wp-json\/wp\/v2\/posts"}],"about":[{"href":"https:\/\/aeroviarios.org.br\/index.php\/wp-json\/wp\/v2\/types\/post"}],"author":[{"embeddable":true,"href":"https:\/\/aeroviarios.org.br\/index.php\/wp-json\/wp\/v2\/users\/1"}],"replies":[{"embeddable":true,"href":"https:\/\/aeroviarios.org.br\/index.php\/wp-json\/wp\/v2\/comments?post=9493"}],"version-history":[{"count":0,"href":"https:\/\/aeroviarios.org.br\/index.php\/wp-json\/wp\/v2\/posts\/9493\/revisions"}],"wp:featuredmedia":[{"embeddable":true,"href":"https:\/\/aeroviarios.org.br\/index.php\/wp-json\/"}],"wp:attachment":[{"href":"https:\/\/aeroviarios.org.br\/index.php\/wp-json\/wp\/v2\/media?parent=9493"}],"wp:term":[{"taxonomy":"category","embeddable":true,"href":"https:\/\/aeroviarios.org.br\/index.php\/wp-json\/wp\/v2\/categories?post=9493"},{"taxonomy":"post_tag","embeddable":true,"href":"https:\/\/aeroviarios.org.br\/index.php\/wp-json\/wp\/v2\/tags?post=9493"}],"curies":[{"name":"wp","href":"https:\/\/api.w.org\/{rel}","templated":true}]}}