{"id":9491,"date":"2018-08-23T14:18:00","date_gmt":"2018-08-23T14:18:00","guid":{"rendered":"http:\/\/aeroviarios.org.br\/?p=9491"},"modified":"2018-08-23T14:18:00","modified_gmt":"2018-08-23T14:18:00","slug":"aeromotbrant-nao-paga-salarios-de-julho","status":"publish","type":"post","link":"https:\/\/aeroviarios.org.br\/index.php\/2018\/08\/23\/aeromotbrant-nao-paga-salarios-de-julho\/","title":{"rendered":"Aeromot\/Brant n\u00e3o paga sal\u00e1rios de julho"},"content":{"rendered":"<p>At\u00e9 o fechamento desta edi\u00e7\u00e3o, a Aeromot\/Brant n\u00e3o pagou o sal\u00e1rio do m\u00eas de julho e a cesta b\u00e1sica para os seus trabalhadores. O Sindicato dos Aerovi\u00e1rios de Porto Alegre j\u00e1 denunciou as pr\u00e1ticas da empresa para a Superintend\u00eancia Regional do Trabalho e Emprego em mais de uma oportunidade, por\u00e9m o \u00f3rg\u00e3o ainda n\u00e3o tomou provid\u00eancias sobre o caso.<\/p>\n<p>Para o Sindicato, as promessas da empresa de que colocar\u00e1 as verbas dos trabalhadores em dia de nada adiantam se n\u00e3o forem verdadeiras. A entidade continuar\u00e1 denunciando a Aeromot\/Brant para os \u00f3rg\u00e3os respons\u00e1veis e tamb\u00e9m continuar\u00e1 divulgando a m\u00e1 conduta da empresa no boletim Aerofolha.<\/p>\n","protected":false},"excerpt":{"rendered":"<p>At\u00e9 o fechamento desta edi\u00e7\u00e3o, a Aeromot\/Brant n\u00e3o pagou o sal\u00e1rio do m\u00eas de julho e a cesta b\u00e1sica para os seus trabalhadores. O Sindicato dos Aerovi\u00e1rios de Porto Alegre j\u00e1 denunciou as pr\u00e1ticas da empresa para a Superintend\u00eancia Regional do Trabalho e Emprego em mais de uma oportunidade, por\u00e9m o \u00f3rg\u00e3o ainda n\u00e3o tomou<\/p>\n","protected":false},"author":1,"featured_media":7994,"comment_status":"open","ping_status":"open","sticky":false,"template":"","format":"standard","meta":{"footnotes":""},"categories":[27,31],"tags":[],"class_list":{"0":"post-9491","1":"post","2":"type-post","3":"status-publish","4":"format-standard","5":"has-post-thumbnail","7":"category-geral","8":"category-noticias"},"_links":{"self":[{"href":"https:\/\/aeroviarios.org.br\/index.php\/wp-json\/wp\/v2\/posts\/9491","targetHints":{"allow":["GET"]}}],"collection":[{"href":"https:\/\/aeroviarios.org.br\/index.php\/wp-json\/wp\/v2\/posts"}],"about":[{"href":"https:\/\/aeroviarios.org.br\/index.php\/wp-json\/wp\/v2\/types\/post"}],"author":[{"embeddable":true,"href":"https:\/\/aeroviarios.org.br\/index.php\/wp-json\/wp\/v2\/users\/1"}],"replies":[{"embeddable":true,"href":"https:\/\/aeroviarios.org.br\/index.php\/wp-json\/wp\/v2\/comments?post=9491"}],"version-history":[{"count":0,"href":"https:\/\/aeroviarios.org.br\/index.php\/wp-json\/wp\/v2\/posts\/9491\/revisions"}],"wp:featuredmedia":[{"embeddable":true,"href":"https:\/\/aeroviarios.org.br\/index.php\/wp-json\/"}],"wp:attachment":[{"href":"https:\/\/aeroviarios.org.br\/index.php\/wp-json\/wp\/v2\/media?parent=9491"}],"wp:term":[{"taxonomy":"category","embeddable":true,"href":"https:\/\/aeroviarios.org.br\/index.php\/wp-json\/wp\/v2\/categories?post=9491"},{"taxonomy":"post_tag","embeddable":true,"href":"https:\/\/aeroviarios.org.br\/index.php\/wp-json\/wp\/v2\/tags?post=9491"}],"curies":[{"name":"wp","href":"https:\/\/api.w.org\/{rel}","templated":true}]}}