{"id":9487,"date":"2018-08-17T15:44:41","date_gmt":"2018-08-17T15:44:41","guid":{"rendered":"http:\/\/aeroviarios.org.br\/?p=9487"},"modified":"2018-08-17T15:44:41","modified_gmt":"2018-08-17T15:44:41","slug":"chapa-1-vence-eleicao-do-sindicato","status":"publish","type":"post","link":"https:\/\/aeroviarios.org.br\/index.php\/2018\/08\/17\/chapa-1-vence-eleicao-do-sindicato\/","title":{"rendered":"Chapa 1 vence elei\u00e7\u00e3o do Sindicato"},"content":{"rendered":"<p>Ap\u00f3s tr\u00eas dias de vota\u00e7\u00e3o, a Chapa 1, presidida por Leonel Montezana, foi eleita pela categoria para comandar o Sindicato dos Aerovi\u00e1rios de Porto Alegre por mais tr\u00eas anos. \u00a0A Chapa 1 recebeu um total de 719 votos, e a Chapa 2 totalizou 191 votos. Ao total, dos 910 votos, \u00a079,01% foram contabilizados para a Chapa 1, e 20,99% na Chapa 2.<\/p>\n<p>\u201cN\u00f3s agradecemos a todos os aerovi\u00e1rios pelo apoio, pelo voto de confian\u00e7a e pelo reconhecimento do trabalho que n\u00f3s fizemos at\u00e9 aqui. Os aerovi\u00e1rios ativos e aposentados nos mostraram nessa elei\u00e7\u00e3o que o que fizemos est\u00e1 no caminho certo e que n\u00f3s devemos continuar nesta dire\u00e7\u00e3o. Tamb\u00e9m queremos reconhecer o esfor\u00e7o dos colegas que foram demitidos, mas mesmo assim foram at\u00e9 as urnas para reconhecer nossa gest\u00e3o\u201d, afirmam os aerovi\u00e1rios da Chapa 1.<\/p>\n<p>A diretoria do Sindicato parabeniza todos os trabalhadores pela participa\u00e7\u00e3o no pleito, processo que correu com tranquilidade e que foi tratado com respeito por todos os participantes, caracter\u00edsticas que segundo o Sindicato \u201cs\u00e3o uma marca da democracia desta entidade que sempre ouve a voz de seus s\u00f3cios\u201d.<\/p>\n<p>Para a Chapa 1, o primeiro grande desafio da diretoria que assumir\u00e1 a entidade deve ser a Campanha Salarial 2018\/2019, negocia\u00e7\u00e3o que j\u00e1 se demonstrou complicada nas reuni\u00f5es bimestrais dos sindicatos de aerovi\u00e1rios e aeronautas com o Sindicato Nacional das Empresas Aerovi\u00e1rias (Snea).<\/p>\n<p>A posse da nova diretoria do Sindicato acontece no dia 1\u00b0 de outubro deste ano e o mandato encerra-se em 30 de setembro de 2021.<\/p>\n","protected":false},"excerpt":{"rendered":"<p>Ap\u00f3s tr\u00eas dias de vota\u00e7\u00e3o, a Chapa 1, presidida por Leonel Montezana, foi eleita pela categoria para comandar o Sindicato dos Aerovi\u00e1rios de Porto Alegre por mais tr\u00eas anos. \u00a0A Chapa 1 recebeu um total de 719 votos, e a Chapa 2 totalizou 191 votos. Ao total, dos 910 votos, \u00a079,01% foram contabilizados para a<\/p>\n","protected":false},"author":1,"featured_media":9488,"comment_status":"open","ping_status":"open","sticky":false,"template":"","format":"standard","meta":{"footnotes":""},"categories":[27,31],"tags":[],"class_list":{"0":"post-9487","1":"post","2":"type-post","3":"status-publish","4":"format-standard","5":"has-post-thumbnail","7":"category-geral","8":"category-noticias"},"_links":{"self":[{"href":"https:\/\/aeroviarios.org.br\/index.php\/wp-json\/wp\/v2\/posts\/9487","targetHints":{"allow":["GET"]}}],"collection":[{"href":"https:\/\/aeroviarios.org.br\/index.php\/wp-json\/wp\/v2\/posts"}],"about":[{"href":"https:\/\/aeroviarios.org.br\/index.php\/wp-json\/wp\/v2\/types\/post"}],"author":[{"embeddable":true,"href":"https:\/\/aeroviarios.org.br\/index.php\/wp-json\/wp\/v2\/users\/1"}],"replies":[{"embeddable":true,"href":"https:\/\/aeroviarios.org.br\/index.php\/wp-json\/wp\/v2\/comments?post=9487"}],"version-history":[{"count":0,"href":"https:\/\/aeroviarios.org.br\/index.php\/wp-json\/wp\/v2\/posts\/9487\/revisions"}],"wp:featuredmedia":[{"embeddable":true,"href":"https:\/\/aeroviarios.org.br\/index.php\/wp-json\/"}],"wp:attachment":[{"href":"https:\/\/aeroviarios.org.br\/index.php\/wp-json\/wp\/v2\/media?parent=9487"}],"wp:term":[{"taxonomy":"category","embeddable":true,"href":"https:\/\/aeroviarios.org.br\/index.php\/wp-json\/wp\/v2\/categories?post=9487"},{"taxonomy":"post_tag","embeddable":true,"href":"https:\/\/aeroviarios.org.br\/index.php\/wp-json\/wp\/v2\/tags?post=9487"}],"curies":[{"name":"wp","href":"https:\/\/api.w.org\/{rel}","templated":true}]}}