{"id":9480,"date":"2018-08-17T15:21:17","date_gmt":"2018-08-17T15:21:17","guid":{"rendered":"http:\/\/aeroviarios.org.br\/?p=9480"},"modified":"2018-08-17T15:21:17","modified_gmt":"2018-08-17T15:21:17","slug":"sindicato-recebe-seminario-da-campanha-salarial-20182019","status":"publish","type":"post","link":"https:\/\/aeroviarios.org.br\/index.php\/2018\/08\/17\/sindicato-recebe-seminario-da-campanha-salarial-20182019\/","title":{"rendered":"Sindicato recebe semin\u00e1rio da Campanha Salarial 2018\/2019"},"content":{"rendered":"<p>O Sindicato dos Aerovi\u00e1rios de Porto Alegre est\u00e1 recebendo o semin\u00e1rio que definir\u00e1 as pautas que ser\u00e3o discutidas na negocia\u00e7\u00e3o com o Sindicato Nacional das Empresas Aerovi\u00e1rias (Snea) na Campanha Salarial 2018\/2019. Est\u00e3o presentes em Porto Alegre representantes dos sindicatos de aerovi\u00e1rios, de aeronautas e da Fentac\/CUT que participar\u00e3o do evento.<\/p>\n<p>Entre as principais cl\u00e1usulas e demandas que est\u00e3o sendo discutidas est\u00e3o a extens\u00e3o do aux\u00edlio-creche tamb\u00e9m para os homens, o cumprimento da cl\u00e1usula que garante a entrega do Perfil Profissiogr\u00e1fico Previdenci\u00e1rio (PPP) em at\u00e9 dez dias, a cria\u00e7\u00e3o de uma cl\u00e1usula que trate sobre o aux\u00edlio-maquiagem para as aerovi\u00e1rias e a cria\u00e7\u00e3o de uma cl\u00e1usula que garanta que as homologa\u00e7\u00f5es sejam feitas com acompanhamento do Sindicato. Al\u00e9m dessas mudan\u00e7as e inclus\u00f5es de cl\u00e1usulas, outra prioridade das entidades que representam os trabalhadores \u00e9 o ganho real nos itens econ\u00f4micos da Conven\u00e7\u00e3o Coletiva de Trabalho (CCT).<\/p>\n<figure id=\"attachment_9482\" aria-describedby=\"caption-attachment-9482\" style=\"width: 702px\" class=\"wp-caption aligncenter\"><img fetchpriority=\"high\" decoding=\"async\" class=\"wp-image-9482 size-large\" src=\"https:\/\/aeroviarios.org.br\/novo\/wp-content\/uploads\/2018\/08\/IMG_2068-1024x683.jpg\" alt=\"\" width=\"702\" height=\"468\" \/><figcaption id=\"caption-attachment-9482\" class=\"wp-caption-text\">O Semin\u00e1rio de Planejamento acontece todos os anos antes do in\u00edcio das negocia\u00e7\u00f5es com o Snea.<\/figcaption><\/figure>\n<p>Para o Sindicato, \u201cesta ser\u00e1 uma dif\u00edcil Campanha Salarial, j\u00e1 que at\u00e9 o momento o Snea se mostrou pouco receptivo a negociar com os interesses dos trabalhadores.\u201d Ainda para a entidade que representa os aerovi\u00e1rios de Porto Alegre, \u201cser\u00e1 necess\u00e1ria uma mobiliza\u00e7\u00e3o dos trabalhadores para que possamos lutar por avan\u00e7os na nossa CCT.\u201d<\/p>\n","protected":false},"excerpt":{"rendered":"<p>O Sindicato dos Aerovi\u00e1rios de Porto Alegre est\u00e1 recebendo o semin\u00e1rio que definir\u00e1 as pautas que ser\u00e3o discutidas na negocia\u00e7\u00e3o com o Sindicato Nacional das Empresas Aerovi\u00e1rias (Snea) na Campanha Salarial 2018\/2019. Est\u00e3o presentes em Porto Alegre representantes dos sindicatos de aerovi\u00e1rios, de aeronautas e da Fentac\/CUT que participar\u00e3o do evento. Entre as principais cl\u00e1usulas<\/p>\n","protected":false},"author":1,"featured_media":9481,"comment_status":"open","ping_status":"open","sticky":false,"template":"","format":"standard","meta":{"footnotes":""},"categories":[30,31],"tags":[],"class_list":{"0":"post-9480","1":"post","2":"type-post","3":"status-publish","4":"format-standard","5":"has-post-thumbnail","7":"category-campanha","8":"category-noticias"},"_links":{"self":[{"href":"https:\/\/aeroviarios.org.br\/index.php\/wp-json\/wp\/v2\/posts\/9480","targetHints":{"allow":["GET"]}}],"collection":[{"href":"https:\/\/aeroviarios.org.br\/index.php\/wp-json\/wp\/v2\/posts"}],"about":[{"href":"https:\/\/aeroviarios.org.br\/index.php\/wp-json\/wp\/v2\/types\/post"}],"author":[{"embeddable":true,"href":"https:\/\/aeroviarios.org.br\/index.php\/wp-json\/wp\/v2\/users\/1"}],"replies":[{"embeddable":true,"href":"https:\/\/aeroviarios.org.br\/index.php\/wp-json\/wp\/v2\/comments?post=9480"}],"version-history":[{"count":0,"href":"https:\/\/aeroviarios.org.br\/index.php\/wp-json\/wp\/v2\/posts\/9480\/revisions"}],"wp:featuredmedia":[{"embeddable":true,"href":"https:\/\/aeroviarios.org.br\/index.php\/wp-json\/"}],"wp:attachment":[{"href":"https:\/\/aeroviarios.org.br\/index.php\/wp-json\/wp\/v2\/media?parent=9480"}],"wp:term":[{"taxonomy":"category","embeddable":true,"href":"https:\/\/aeroviarios.org.br\/index.php\/wp-json\/wp\/v2\/categories?post=9480"},{"taxonomy":"post_tag","embeddable":true,"href":"https:\/\/aeroviarios.org.br\/index.php\/wp-json\/wp\/v2\/tags?post=9480"}],"curies":[{"name":"wp","href":"https:\/\/api.w.org\/{rel}","templated":true}]}}