{"id":9475,"date":"2018-08-15T19:47:49","date_gmt":"2018-08-15T19:47:49","guid":{"rendered":"http:\/\/aeroviarios.org.br\/?p=9475"},"modified":"2018-08-15T19:47:49","modified_gmt":"2018-08-15T19:47:49","slug":"eleicao-do-sindicato-acaba-nesta-quinta-feira-16","status":"publish","type":"post","link":"https:\/\/aeroviarios.org.br\/index.php\/2018\/08\/15\/eleicao-do-sindicato-acaba-nesta-quinta-feira-16\/","title":{"rendered":"Elei\u00e7\u00e3o do Sindicato acaba nesta quinta-feira (16)"},"content":{"rendered":"<p>Est\u00e1 acontecendo a elei\u00e7\u00e3o da pr\u00f3xima gest\u00e3o do Sindicato dos Aerovi\u00e1rios de Porto Alegre. Muitos s\u00f3cios j\u00e1 estiveram na entidade para votar e tamb\u00e9m compareceram \u00e0s urnas que est\u00e3o circulando nas empresas. A vota\u00e7\u00e3o teve in\u00edcio na ter\u00e7a-feira (14), e \u00e9 poss\u00edvel votar at\u00e9 \u00e0s 18h desta quinta-feira (16).<\/p>\n<p>O Sindicato informa que o local de vota\u00e7\u00e3o para os seus s\u00f3cios aposentados, afastados e para os n\u00e3o aposentados demitidos at\u00e9 seis meses atr\u00e1s (desligados a partir 14 de fevereiro) \u00e9 na sede da entidade (Rua Augusto Severo, 82). J\u00e1 os s\u00f3cios ativos devem votar nas urnas itinerantes que circulam nas empresas aerovi\u00e1rias.<\/p>\n<p>O Sindicato afirma que \u201c\u00e9 muito importante que os s\u00f3cios participem da elei\u00e7\u00e3o para que possam decidir sobre o futuro desta entidade.\u201d A chapa vencedora da elei\u00e7\u00e3o deve ser respons\u00e1vel por assumir a dire\u00e7\u00e3o da entidade de 1\u00b0 de outubro de 2018 e representar a categoria at\u00e9 30 de setembro de 2021.<\/p>\n","protected":false},"excerpt":{"rendered":"<p>Est\u00e1 acontecendo a elei\u00e7\u00e3o da pr\u00f3xima gest\u00e3o do Sindicato dos Aerovi\u00e1rios de Porto Alegre. Muitos s\u00f3cios j\u00e1 estiveram na entidade para votar e tamb\u00e9m compareceram \u00e0s urnas que est\u00e3o circulando nas empresas. A vota\u00e7\u00e3o teve in\u00edcio na ter\u00e7a-feira (14), e \u00e9 poss\u00edvel votar at\u00e9 \u00e0s 18h desta quinta-feira (16). O Sindicato informa que o local<\/p>\n","protected":false},"author":1,"featured_media":9476,"comment_status":"open","ping_status":"open","sticky":false,"template":"","format":"standard","meta":{"footnotes":""},"categories":[27],"tags":[],"class_list":{"0":"post-9475","1":"post","2":"type-post","3":"status-publish","4":"format-standard","5":"has-post-thumbnail","7":"category-geral"},"_links":{"self":[{"href":"https:\/\/aeroviarios.org.br\/index.php\/wp-json\/wp\/v2\/posts\/9475","targetHints":{"allow":["GET"]}}],"collection":[{"href":"https:\/\/aeroviarios.org.br\/index.php\/wp-json\/wp\/v2\/posts"}],"about":[{"href":"https:\/\/aeroviarios.org.br\/index.php\/wp-json\/wp\/v2\/types\/post"}],"author":[{"embeddable":true,"href":"https:\/\/aeroviarios.org.br\/index.php\/wp-json\/wp\/v2\/users\/1"}],"replies":[{"embeddable":true,"href":"https:\/\/aeroviarios.org.br\/index.php\/wp-json\/wp\/v2\/comments?post=9475"}],"version-history":[{"count":0,"href":"https:\/\/aeroviarios.org.br\/index.php\/wp-json\/wp\/v2\/posts\/9475\/revisions"}],"wp:featuredmedia":[{"embeddable":true,"href":"https:\/\/aeroviarios.org.br\/index.php\/wp-json\/"}],"wp:attachment":[{"href":"https:\/\/aeroviarios.org.br\/index.php\/wp-json\/wp\/v2\/media?parent=9475"}],"wp:term":[{"taxonomy":"category","embeddable":true,"href":"https:\/\/aeroviarios.org.br\/index.php\/wp-json\/wp\/v2\/categories?post=9475"},{"taxonomy":"post_tag","embeddable":true,"href":"https:\/\/aeroviarios.org.br\/index.php\/wp-json\/wp\/v2\/tags?post=9475"}],"curies":[{"name":"wp","href":"https:\/\/api.w.org\/{rel}","templated":true}]}}