{"id":9465,"date":"2018-08-09T15:09:36","date_gmt":"2018-08-09T15:09:36","guid":{"rendered":"http:\/\/aeroviarios.org.br\/?p=9465"},"modified":"2018-08-09T15:09:36","modified_gmt":"2018-08-09T15:09:36","slug":"reuniao-com-tap-me-veja-o-que-foi-tratado","status":"publish","type":"post","link":"https:\/\/aeroviarios.org.br\/index.php\/2018\/08\/09\/reuniao-com-tap-me-veja-o-que-foi-tratado\/","title":{"rendered":"Reuni\u00e3o com a TAP ME: veja o que foi tratado"},"content":{"rendered":"<p>Nesta quarta-feira (8), o Sindicato dos Aerovi\u00e1rios de Porto Alegre reuniu-se com representantes da TAP ME para discutir a situa\u00e7\u00e3o da empresa e problemas da categoria.<br \/>\nSegundo a presid\u00eancia da TAP ME, a negocia\u00e7\u00e3o parcial ou da totalidade da empresa continua em estudo. Segundo ela, existem v\u00e1rios interessados nos dois modelos de aquisi\u00e7\u00e3o. Uma das novidades que a reuni\u00e3o trouxe \u00e9 a possibilidade de que a TAP ME mantenha parte minorit\u00e1ria da companhia.<\/p>\n<p>Uma demanda levantada pelos trabalhadores e que foi levada para reuni\u00e3o pelos diretores da entidade \u00e9 o cheque das carteiras da Anac. A TAP ME afirmou que continuar\u00e1 realizando o trabalho de checagem das carteiras dos trabalhadores. Questionada sobre a situa\u00e7\u00e3o da Petros, outra demanda dos aerovi\u00e1rios, a presid\u00eancia da TAP ME afirmou que est\u00e1 tratando do encerramento do plano de previd\u00eancia, mas que h\u00e1 uma carta fian\u00e7a que garante os direitos dos trabalhadores. O Sindicato continuar\u00e1 acompanhando o desenvolvimento dessas demandas. Outra novidade foi referente ao trabalho em Portugal. Os trabalhadores que aceitaram a oportunidade de ir trabalhar nas bases portuguesas devem ser demitidos no dia 31 de agosto e ser\u00e3o admitidos em 1\u00b0 de setembro. Pauta levantada pelos est\u00e1veis da TAP ME, o aumento da indeniza\u00e7\u00e3o no acordo para demiss\u00e3o desses trabalhadores foi negado pela diretoria da empresa. A TAP ME afirma que n\u00e3o h\u00e1 autoriza\u00e7\u00e3o do conselho da TAP para o aumento desse valor, e que o valor, neste momento, deve-se manter em 10 sal\u00e1rios. Na reuni\u00e3o, o Sindicato tamb\u00e9m tratou de demandas di\u00e1rias dos aerovi\u00e1rios, problemas nas rescis\u00f5es, atrasos de verbas e nas homologa\u00e7\u00f5es.<\/p>\n<p>O Sindicato continuar\u00e1 acompanhando a situa\u00e7\u00e3o da empresa e est\u00e1 comprometido em repassar todas as informa\u00e7\u00f5es que obtiver para o trabalhador, assim como vem fazendo desde o in\u00edcio dessas reuni\u00f5es com a c\u00fapula diretora da empresa. O Sindicato tamb\u00e9m manter\u00e1 sua trajet\u00f3ria de ser uma entidade que negocia melhores condi\u00e7\u00f5es de trabalho, que dialoga e trata dos diretos dos trabalhadores com responsabilidade. \u201cFoi essa postura do Sindicato que garantiu passagens a\u00e9reas, cheque de carteiras, folgas nos s\u00e1bados e ainda outras conquistas\u201d, afirma o Sindicato.<\/p>\n","protected":false},"excerpt":{"rendered":"<p>Nesta quarta-feira (8), o Sindicato dos Aerovi\u00e1rios de Porto Alegre reuniu-se com representantes da TAP ME para discutir a situa\u00e7\u00e3o da empresa e problemas da categoria. Segundo a presid\u00eancia da TAP ME, a negocia\u00e7\u00e3o parcial ou da totalidade da empresa continua em estudo. Segundo ela, existem v\u00e1rios interessados nos dois modelos de aquisi\u00e7\u00e3o. Uma das<\/p>\n","protected":false},"author":1,"featured_media":9334,"comment_status":"open","ping_status":"open","sticky":false,"template":"","format":"standard","meta":{"footnotes":""},"categories":[27,31],"tags":[],"class_list":{"0":"post-9465","1":"post","2":"type-post","3":"status-publish","4":"format-standard","5":"has-post-thumbnail","7":"category-geral","8":"category-noticias"},"_links":{"self":[{"href":"https:\/\/aeroviarios.org.br\/index.php\/wp-json\/wp\/v2\/posts\/9465","targetHints":{"allow":["GET"]}}],"collection":[{"href":"https:\/\/aeroviarios.org.br\/index.php\/wp-json\/wp\/v2\/posts"}],"about":[{"href":"https:\/\/aeroviarios.org.br\/index.php\/wp-json\/wp\/v2\/types\/post"}],"author":[{"embeddable":true,"href":"https:\/\/aeroviarios.org.br\/index.php\/wp-json\/wp\/v2\/users\/1"}],"replies":[{"embeddable":true,"href":"https:\/\/aeroviarios.org.br\/index.php\/wp-json\/wp\/v2\/comments?post=9465"}],"version-history":[{"count":0,"href":"https:\/\/aeroviarios.org.br\/index.php\/wp-json\/wp\/v2\/posts\/9465\/revisions"}],"wp:featuredmedia":[{"embeddable":true,"href":"https:\/\/aeroviarios.org.br\/index.php\/wp-json\/"}],"wp:attachment":[{"href":"https:\/\/aeroviarios.org.br\/index.php\/wp-json\/wp\/v2\/media?parent=9465"}],"wp:term":[{"taxonomy":"category","embeddable":true,"href":"https:\/\/aeroviarios.org.br\/index.php\/wp-json\/wp\/v2\/categories?post=9465"},{"taxonomy":"post_tag","embeddable":true,"href":"https:\/\/aeroviarios.org.br\/index.php\/wp-json\/wp\/v2\/tags?post=9465"}],"curies":[{"name":"wp","href":"https:\/\/api.w.org\/{rel}","templated":true}]}}