{"id":9454,"date":"2018-08-03T20:38:05","date_gmt":"2018-08-03T20:38:05","guid":{"rendered":"http:\/\/aeroviarios.org.br\/?p=9454"},"modified":"2018-08-03T20:38:05","modified_gmt":"2018-08-03T20:38:05","slug":"sindicato-e-fentaccut-garantem-rateio-de-verbas-da-varig","status":"publish","type":"post","link":"https:\/\/aeroviarios.org.br\/index.php\/2018\/08\/03\/sindicato-e-fentaccut-garantem-rateio-de-verbas-da-varig\/","title":{"rendered":"Sindicato e Fentac\/CUT garantem rateio de verbas da Varig"},"content":{"rendered":"<p>Na \u00faltima ter\u00e7a-feira (31), foi deferido um novo rateio da Varig para os credores trabalhistas de Classe-I, trabalhadores que na \u00e9poca do fechamento da empresa acabaram por n\u00e3o receber os valores de suas verbas rescis\u00f3rias. O montante que ser\u00e1 rateado \u00e9 de R$ 70 milh\u00f5es.<\/p>\n<p>Para habilitar-se ao recebimento, o credor deve atualizar seus dados atrav\u00e9s do site <a href=\"http:\/\/www.cadastrorateio.com.br\/\">www.cadastrorateio.com.br<\/a>.<\/p>\n<p>O processo de rateio \u00e9 resultado do movimento jur\u00eddico encabe\u00e7ado pela Fentac\/CUT, pelo Sindicato dos Aerovi\u00e1rios de Porto Alegre e\u00a0pelos demais sindicatos filiados \u00e0 Federa\u00e7\u00e3o.<\/p>\n<p>Para o Sindicato, esta \u00e9 uma vit\u00f3ria que foi conquistada atrav\u00e9s de uma \u00e1rdua luta travada para garantir o que pertencia aos trabalhadores que ficaram sem receber o que lhes era de direito.<\/p>\n","protected":false},"excerpt":{"rendered":"<p>Na \u00faltima ter\u00e7a-feira (31), foi deferido um novo rateio da Varig para os credores trabalhistas de Classe-I, trabalhadores que na \u00e9poca do fechamento da empresa acabaram por n\u00e3o receber os valores de suas verbas rescis\u00f3rias. O montante que ser\u00e1 rateado \u00e9 de R$ 70 milh\u00f5es. Para habilitar-se ao recebimento, o credor deve atualizar seus dados<\/p>\n","protected":false},"author":1,"featured_media":9455,"comment_status":"open","ping_status":"open","sticky":false,"template":"","format":"standard","meta":{"footnotes":""},"categories":[29,31],"tags":[],"class_list":{"0":"post-9454","1":"post","2":"type-post","3":"status-publish","4":"format-standard","5":"has-post-thumbnail","7":"category-juridico","8":"category-noticias"},"_links":{"self":[{"href":"https:\/\/aeroviarios.org.br\/index.php\/wp-json\/wp\/v2\/posts\/9454","targetHints":{"allow":["GET"]}}],"collection":[{"href":"https:\/\/aeroviarios.org.br\/index.php\/wp-json\/wp\/v2\/posts"}],"about":[{"href":"https:\/\/aeroviarios.org.br\/index.php\/wp-json\/wp\/v2\/types\/post"}],"author":[{"embeddable":true,"href":"https:\/\/aeroviarios.org.br\/index.php\/wp-json\/wp\/v2\/users\/1"}],"replies":[{"embeddable":true,"href":"https:\/\/aeroviarios.org.br\/index.php\/wp-json\/wp\/v2\/comments?post=9454"}],"version-history":[{"count":0,"href":"https:\/\/aeroviarios.org.br\/index.php\/wp-json\/wp\/v2\/posts\/9454\/revisions"}],"wp:featuredmedia":[{"embeddable":true,"href":"https:\/\/aeroviarios.org.br\/index.php\/wp-json\/"}],"wp:attachment":[{"href":"https:\/\/aeroviarios.org.br\/index.php\/wp-json\/wp\/v2\/media?parent=9454"}],"wp:term":[{"taxonomy":"category","embeddable":true,"href":"https:\/\/aeroviarios.org.br\/index.php\/wp-json\/wp\/v2\/categories?post=9454"},{"taxonomy":"post_tag","embeddable":true,"href":"https:\/\/aeroviarios.org.br\/index.php\/wp-json\/wp\/v2\/tags?post=9454"}],"curies":[{"name":"wp","href":"https:\/\/api.w.org\/{rel}","templated":true}]}}