{"id":9449,"date":"2018-08-02T14:19:34","date_gmt":"2018-08-02T14:19:34","guid":{"rendered":"http:\/\/aeroviarios.org.br\/?p=9449"},"modified":"2018-08-02T14:19:34","modified_gmt":"2018-08-02T14:19:34","slug":"luz-de-alerta-acende-na-campanha-salarial-20182019","status":"publish","type":"post","link":"https:\/\/aeroviarios.org.br\/index.php\/2018\/08\/02\/luz-de-alerta-acende-na-campanha-salarial-20182019\/","title":{"rendered":"Luz de alerta acende na Campanha Salarial 2018\/2019"},"content":{"rendered":"<p><em>Reuni\u00e3o bimestral com o Snea sinaliza tentativa de retirada de direitos dos trabalhadores<\/em><\/p>\n<p>Na quinta-feira (23), a pen\u00faltima reuni\u00e3o bimestral deu o tom de como ser\u00e3o as negocia\u00e7\u00f5es da Campanha Salarial 2018\/2019. Apesar da tentativa do Sindicato dos Aerovi\u00e1rios de Porto Alegre, da Fentac\/CUT e dos demais sindicatos de aerovi\u00e1rios em retomar a discuss\u00e3o de suas pautas, o Sindicato Nacional das Empresas Aerovi\u00e1rias (Snea) n\u00e3o entregou nenhum retorno para as demandas.<\/p>\n<p>Os sindicatos dos trabalhadores est\u00e3o buscando algumas mudan\u00e7as chave para a categoria. O cumprimento da cl\u00e1usula que fixa em dez dias o prazo de entrega do Perfil Profissiogr\u00e1fico Previdenci\u00e1rio (PPP), assim como a extens\u00e3o do aux\u00edlio creche aos pais aerovi\u00e1rios e a homologa\u00e7\u00e3o das demiss\u00f5es serem feitas sempre ao lado do Sindicato, evitando preju\u00edzos financeiros aos trabalhadores, s\u00e3o algumas dessas demandas trabalhistas.<\/p>\n<p>J\u00e1 a pauta do sindicato das empresas \u00e9 vista como um \u201cpacote de maldades\u201d pelos diretores das entidades sindicais e representantes dos trabalhadores. O Snea tem em sua pauta a implementa\u00e7\u00e3o de um banco de horas, mudan\u00e7as nas cl\u00e1usulas que preveem garantia de emprego \u00e0s v\u00e9speras da aposentadoria e de redu\u00e7\u00e3o de for\u00e7a de trabalho, al\u00e9m da retirada da obrigatoriedade do Registro Eletr\u00f4nico de Ponto (REP).<\/p>\n<p>A previs\u00e3o do Sindicato dos Aerovi\u00e1rios de Porto Alegre \u00e9 de uma batalha dura pelos direitos dos aerovi\u00e1rios nesta Campanha Salarial. Para a entidade, o comprometimento com a uni\u00e3o por parte de todos os aerovi\u00e1rios ser\u00e1 mais do que fundamental para que a for\u00e7a da categoria seja o motor deste embate que dever\u00e1 ser o mais duro dos \u00faltimos anos.<\/p>\n","protected":false},"excerpt":{"rendered":"<p>Reuni\u00e3o bimestral com o Snea sinaliza tentativa de retirada de direitos dos trabalhadores Na quinta-feira (23), a pen\u00faltima reuni\u00e3o bimestral deu o tom de como ser\u00e3o as negocia\u00e7\u00f5es da Campanha Salarial 2018\/2019. Apesar da tentativa do Sindicato dos Aerovi\u00e1rios de Porto Alegre, da Fentac\/CUT e dos demais sindicatos de aerovi\u00e1rios em retomar a discuss\u00e3o de<\/p>\n","protected":false},"author":1,"featured_media":9450,"comment_status":"open","ping_status":"open","sticky":false,"template":"","format":"standard","meta":{"footnotes":""},"categories":[27,31],"tags":[],"class_list":{"0":"post-9449","1":"post","2":"type-post","3":"status-publish","4":"format-standard","5":"has-post-thumbnail","7":"category-geral","8":"category-noticias"},"_links":{"self":[{"href":"https:\/\/aeroviarios.org.br\/index.php\/wp-json\/wp\/v2\/posts\/9449","targetHints":{"allow":["GET"]}}],"collection":[{"href":"https:\/\/aeroviarios.org.br\/index.php\/wp-json\/wp\/v2\/posts"}],"about":[{"href":"https:\/\/aeroviarios.org.br\/index.php\/wp-json\/wp\/v2\/types\/post"}],"author":[{"embeddable":true,"href":"https:\/\/aeroviarios.org.br\/index.php\/wp-json\/wp\/v2\/users\/1"}],"replies":[{"embeddable":true,"href":"https:\/\/aeroviarios.org.br\/index.php\/wp-json\/wp\/v2\/comments?post=9449"}],"version-history":[{"count":0,"href":"https:\/\/aeroviarios.org.br\/index.php\/wp-json\/wp\/v2\/posts\/9449\/revisions"}],"wp:featuredmedia":[{"embeddable":true,"href":"https:\/\/aeroviarios.org.br\/index.php\/wp-json\/"}],"wp:attachment":[{"href":"https:\/\/aeroviarios.org.br\/index.php\/wp-json\/wp\/v2\/media?parent=9449"}],"wp:term":[{"taxonomy":"category","embeddable":true,"href":"https:\/\/aeroviarios.org.br\/index.php\/wp-json\/wp\/v2\/categories?post=9449"},{"taxonomy":"post_tag","embeddable":true,"href":"https:\/\/aeroviarios.org.br\/index.php\/wp-json\/wp\/v2\/tags?post=9449"}],"curies":[{"name":"wp","href":"https:\/\/api.w.org\/{rel}","templated":true}]}}