{"id":9447,"date":"2018-08-02T14:13:03","date_gmt":"2018-08-02T14:13:03","guid":{"rendered":"http:\/\/aeroviarios.org.br\/?p=9447"},"modified":"2018-08-02T14:13:03","modified_gmt":"2018-08-02T14:13:03","slug":"aeromotbrant-nao-quita-salarios","status":"publish","type":"post","link":"https:\/\/aeroviarios.org.br\/index.php\/2018\/08\/02\/aeromotbrant-nao-quita-salarios\/","title":{"rendered":"Aeromot\/Brant n\u00e3o quita sal\u00e1rios"},"content":{"rendered":"<p>A Aeromot\/Brant n\u00e3o cumpriu o que prometeu para seus trabalhadores. Segundo a empresa, que parcelou o pagamento dos trabalhadores, o restante do sal\u00e1rio do m\u00eas seria pago at\u00e9 o dia 20 de julho, o que n\u00e3o aconteceu. At\u00e9 o momento, o vale transporte dos aerovi\u00e1rios tamb\u00e9m n\u00e3o foi depositado. Quem trabalha na empresa sofre com o atraso de sal\u00e1rios e de benef\u00edcios, parcelamento de sal\u00e1rios e o n\u00e3o pagamento dessas parcelas.<\/p>\n<p>O Sindicato, que j\u00e1 realizou em torno de dez den\u00fancias para a Superintend\u00eancia Regional do Trabalho e Emprego (SRTE), tomar\u00e1 as previd\u00eancias cab\u00edveis.<\/p>\n","protected":false},"excerpt":{"rendered":"<p>A Aeromot\/Brant n\u00e3o cumpriu o que prometeu para seus trabalhadores. Segundo a empresa, que parcelou o pagamento dos trabalhadores, o restante do sal\u00e1rio do m\u00eas seria pago at\u00e9 o dia 20 de julho, o que n\u00e3o aconteceu. At\u00e9 o momento, o vale transporte dos aerovi\u00e1rios tamb\u00e9m n\u00e3o foi depositado. Quem trabalha na empresa sofre com<\/p>\n","protected":false},"author":1,"featured_media":7994,"comment_status":"open","ping_status":"open","sticky":false,"template":"","format":"standard","meta":{"footnotes":""},"categories":[27,31],"tags":[],"class_list":{"0":"post-9447","1":"post","2":"type-post","3":"status-publish","4":"format-standard","5":"has-post-thumbnail","7":"category-geral","8":"category-noticias"},"_links":{"self":[{"href":"https:\/\/aeroviarios.org.br\/index.php\/wp-json\/wp\/v2\/posts\/9447","targetHints":{"allow":["GET"]}}],"collection":[{"href":"https:\/\/aeroviarios.org.br\/index.php\/wp-json\/wp\/v2\/posts"}],"about":[{"href":"https:\/\/aeroviarios.org.br\/index.php\/wp-json\/wp\/v2\/types\/post"}],"author":[{"embeddable":true,"href":"https:\/\/aeroviarios.org.br\/index.php\/wp-json\/wp\/v2\/users\/1"}],"replies":[{"embeddable":true,"href":"https:\/\/aeroviarios.org.br\/index.php\/wp-json\/wp\/v2\/comments?post=9447"}],"version-history":[{"count":0,"href":"https:\/\/aeroviarios.org.br\/index.php\/wp-json\/wp\/v2\/posts\/9447\/revisions"}],"wp:featuredmedia":[{"embeddable":true,"href":"https:\/\/aeroviarios.org.br\/index.php\/wp-json\/"}],"wp:attachment":[{"href":"https:\/\/aeroviarios.org.br\/index.php\/wp-json\/wp\/v2\/media?parent=9447"}],"wp:term":[{"taxonomy":"category","embeddable":true,"href":"https:\/\/aeroviarios.org.br\/index.php\/wp-json\/wp\/v2\/categories?post=9447"},{"taxonomy":"post_tag","embeddable":true,"href":"https:\/\/aeroviarios.org.br\/index.php\/wp-json\/wp\/v2\/tags?post=9447"}],"curies":[{"name":"wp","href":"https:\/\/api.w.org\/{rel}","templated":true}]}}