{"id":9445,"date":"2018-08-02T14:09:19","date_gmt":"2018-08-02T14:09:19","guid":{"rendered":"http:\/\/aeroviarios.org.br\/?p=9445"},"modified":"2018-08-02T14:09:19","modified_gmt":"2018-08-02T14:09:19","slug":"editorial-salgado-filho-trabalhadores-precisam-de-estacionamento-seguro-ja","status":"publish","type":"post","link":"https:\/\/aeroviarios.org.br\/index.php\/2018\/08\/02\/editorial-salgado-filho-trabalhadores-precisam-de-estacionamento-seguro-ja\/","title":{"rendered":"EDITORIAL &#8211; Salgado Filho: trabalhadores precisam  de estacionamento seguro j\u00e1!"},"content":{"rendered":"<p>H\u00e1 muito tempo que o Aeroporto Internacional de Porto Alegre n\u00e3o \u00e9 seguro para quem o frequenta. Trabalhadores ou passageiros s\u00e3o constantemente amea\u00e7ados pela sensa\u00e7\u00e3o de inseguran\u00e7a. E esse medo tem motivo.<\/p>\n<p>Somente nos \u00faltimos dois anos, a lista de incidentes nos terminais \u00e9 extensa e impressiona pela gravidade dos fatos. Tivemos o sequestro seguido de assassinato da colega Min\u00e9ia Machado, um tiroteio em uma tentativa de assalto e at\u00e9 mesmo um assassinato dentro do sagu\u00e3o do aeroporto. Todos esses casos foram destaque na m\u00eddia, mas a realidade do trabalhador que sente todos os dias o medo do assalto e o medo de perder a vida tamb\u00e9m merece toda a aten\u00e7\u00e3o da sociedade.<br \/>\nS\u00e3o muitos os relatos de roubo e furto trazidos pelos trabalhadores para o Sindicato. Nesta semana, de domingo at\u00e9 o fechamento deste editorial, um roubo e um furto aconteceram na regi\u00e3o do aer\u00f3dromo. Em um desses casos, ao tentar registrar o boletim de ocorr\u00eancia na delegacia do aeroporto, o trabalhador foi informado pelos policiais de que n\u00e3o seria poss\u00edvel concluir o processo j\u00e1 que a Fraport n\u00e3o resolveu problemas de cabeamento do local.<\/p>\n<p>A verdade \u00e9 que, da gest\u00e3o da Infraero para a gest\u00e3o da Fraport, n\u00e3o houveram mudan\u00e7as quanto a seguran\u00e7a para os aerovi\u00e1rios. Hoje, apenas os trabalhadores do grupo alem\u00e3o t\u00eam direito a um estacionamento com seguran\u00e7a 24h, enquanto os demais trabalhadores s\u00e3o obrigados a optar por pagar os altos pre\u00e7os no estacionamento da Estapar ou se submeter a falta de policiamento e monitoramento do entorno dos terminais.<\/p>\n<p>O Sindicato dos Aerovi\u00e1rios de Porto Alegre vai encaminhar uma reuni\u00e3o com a Fraport para tratar dos problemas, mas tamb\u00e9m com uma den\u00fancia para o Minist\u00e9rio P\u00fablico do Trabalho e para o Minist\u00e9rio P\u00fablico Federal. Para a entidade sindical, n\u00e3o \u00e9 poss\u00edvel que um grupo que administra grandes aeroportos pelo mundo n\u00e3o trate com seriedade a seguran\u00e7a de quem faz acontecer o transporte a\u00e9reo. Seguran\u00e7a para chegar e sair do trabalho \u00e9 um direito de todos os trabalhadores.<\/p>\n","protected":false},"excerpt":{"rendered":"<p>H\u00e1 muito tempo que o Aeroporto Internacional de Porto Alegre n\u00e3o \u00e9 seguro para quem o frequenta. Trabalhadores ou passageiros s\u00e3o constantemente amea\u00e7ados pela sensa\u00e7\u00e3o de inseguran\u00e7a. E esse medo tem motivo. Somente nos \u00faltimos dois anos, a lista de incidentes nos terminais \u00e9 extensa e impressiona pela gravidade dos fatos. Tivemos o sequestro seguido<\/p>\n","protected":false},"author":1,"featured_media":9064,"comment_status":"open","ping_status":"open","sticky":false,"template":"","format":"standard","meta":{"footnotes":""},"categories":[39,40],"tags":[],"class_list":{"0":"post-9445","1":"post","2":"type-post","3":"status-publish","4":"format-standard","5":"has-post-thumbnail","7":"category-editoriais","8":"category-opiniao"},"_links":{"self":[{"href":"https:\/\/aeroviarios.org.br\/index.php\/wp-json\/wp\/v2\/posts\/9445","targetHints":{"allow":["GET"]}}],"collection":[{"href":"https:\/\/aeroviarios.org.br\/index.php\/wp-json\/wp\/v2\/posts"}],"about":[{"href":"https:\/\/aeroviarios.org.br\/index.php\/wp-json\/wp\/v2\/types\/post"}],"author":[{"embeddable":true,"href":"https:\/\/aeroviarios.org.br\/index.php\/wp-json\/wp\/v2\/users\/1"}],"replies":[{"embeddable":true,"href":"https:\/\/aeroviarios.org.br\/index.php\/wp-json\/wp\/v2\/comments?post=9445"}],"version-history":[{"count":0,"href":"https:\/\/aeroviarios.org.br\/index.php\/wp-json\/wp\/v2\/posts\/9445\/revisions"}],"wp:featuredmedia":[{"embeddable":true,"href":"https:\/\/aeroviarios.org.br\/index.php\/wp-json\/"}],"wp:attachment":[{"href":"https:\/\/aeroviarios.org.br\/index.php\/wp-json\/wp\/v2\/media?parent=9445"}],"wp:term":[{"taxonomy":"category","embeddable":true,"href":"https:\/\/aeroviarios.org.br\/index.php\/wp-json\/wp\/v2\/categories?post=9445"},{"taxonomy":"post_tag","embeddable":true,"href":"https:\/\/aeroviarios.org.br\/index.php\/wp-json\/wp\/v2\/tags?post=9445"}],"curies":[{"name":"wp","href":"https:\/\/api.w.org\/{rel}","templated":true}]}}