{"id":9437,"date":"2018-07-31T20:28:56","date_gmt":"2018-07-31T20:28:56","guid":{"rendered":"http:\/\/aeroviarios.org.br\/?p=9437"},"modified":"2018-07-31T20:28:56","modified_gmt":"2018-07-31T20:28:56","slug":"aeroviarios-da-tap-me-aprovam-prorrogacao-de-acordo","status":"publish","type":"post","link":"https:\/\/aeroviarios.org.br\/index.php\/2018\/07\/31\/aeroviarios-da-tap-me-aprovam-prorrogacao-de-acordo\/","title":{"rendered":"Aerovi\u00e1rios da TAP ME aprovam prorroga\u00e7\u00e3o de acordo"},"content":{"rendered":"<p>Pela segunda vez consecutiva, os trabalhadores aerovi\u00e1rios da TAP ME aprovaram a extens\u00e3o do acordo que prev\u00ea benef\u00edcios para os demitidos. Antes prorrogado at\u00e9 30 de julho, agora o acordo passa a valer at\u00e9 31 de outubro. Plano de sa\u00fade por cinco anos, passagens a\u00e9reas TAP e quatro sal\u00e1rios s\u00e3o os itens que constam nesse acordo que pode ser aderido pelos aerovi\u00e1rios que deixam a empresa.<\/p>\n<figure id=\"attachment_9440\" aria-describedby=\"caption-attachment-9440\" style=\"width: 702px\" class=\"wp-caption aligncenter\"><img fetchpriority=\"high\" decoding=\"async\" class=\"wp-image-9440 size-large\" src=\"https:\/\/aeroviarios.org.br\/novo\/wp-content\/uploads\/2018\/07\/IMG_1817-1024x683.jpg\" alt=\"\" width=\"702\" height=\"468\" \/><figcaption id=\"caption-attachment-9440\" class=\"wp-caption-text\">Diretor Celso Klafke fala aos aerovi\u00e1rios em assembleia (Johnny Oliveira\/Sindicato)<\/figcaption><\/figure>\n<p>Foi na tarde desta ter\u00e7a-feira (31), em frente a sede da TAP ME em Porto Alegre, \u00e0s 15h30 e \u00e0s 16h30, que 170 aerovi\u00e1rios aprovaram a extens\u00e3o a proposta da empresa.<\/p>\n<p>O Sindicato dos Aerovi\u00e1rios de Porto Alegre est\u00e1 sempre \u00e0 disposi\u00e7\u00e3o da categoria para tirar d\u00favidas sobre o assunto, assim como a assessoria jur\u00eddica da entidade. Os trabalhadores podem consultar nas ter\u00e7as-feiras, das 15h30 \u00e0s 17h30, com a Dra. Renata Chalegre, do escrit\u00f3rio Camargo, Catita, Maineri, Advogados Associados ou procurar o pr\u00f3prio escrit\u00f3rio no telefone 51 3211-4233.<\/p>\n<figure id=\"attachment_9441\" aria-describedby=\"caption-attachment-9441\" style=\"width: 702px\" class=\"wp-caption aligncenter\"><img decoding=\"async\" class=\"wp-image-9441 size-large\" src=\"https:\/\/aeroviarios.org.br\/novo\/wp-content\/uploads\/2018\/07\/IMG_1770-1024x683.jpg\" alt=\"\" width=\"702\" height=\"468\" \/><figcaption id=\"caption-attachment-9441\" class=\"wp-caption-text\">(Johnny Oliveira\/Sindicato)<\/figcaption><\/figure>\n","protected":false},"excerpt":{"rendered":"<p>Pela segunda vez consecutiva, os trabalhadores aerovi\u00e1rios da TAP ME aprovaram a extens\u00e3o do acordo que prev\u00ea benef\u00edcios para os demitidos. Antes prorrogado at\u00e9 30 de julho, agora o acordo passa a valer at\u00e9 31 de outubro. Plano de sa\u00fade por cinco anos, passagens a\u00e9reas TAP e quatro sal\u00e1rios s\u00e3o os itens que constam nesse<\/p>\n","protected":false},"author":1,"featured_media":9438,"comment_status":"open","ping_status":"open","sticky":false,"template":"","format":"standard","meta":{"footnotes":""},"categories":[27,31],"tags":[],"class_list":{"0":"post-9437","1":"post","2":"type-post","3":"status-publish","4":"format-standard","5":"has-post-thumbnail","7":"category-geral","8":"category-noticias"},"_links":{"self":[{"href":"https:\/\/aeroviarios.org.br\/index.php\/wp-json\/wp\/v2\/posts\/9437","targetHints":{"allow":["GET"]}}],"collection":[{"href":"https:\/\/aeroviarios.org.br\/index.php\/wp-json\/wp\/v2\/posts"}],"about":[{"href":"https:\/\/aeroviarios.org.br\/index.php\/wp-json\/wp\/v2\/types\/post"}],"author":[{"embeddable":true,"href":"https:\/\/aeroviarios.org.br\/index.php\/wp-json\/wp\/v2\/users\/1"}],"replies":[{"embeddable":true,"href":"https:\/\/aeroviarios.org.br\/index.php\/wp-json\/wp\/v2\/comments?post=9437"}],"version-history":[{"count":0,"href":"https:\/\/aeroviarios.org.br\/index.php\/wp-json\/wp\/v2\/posts\/9437\/revisions"}],"wp:featuredmedia":[{"embeddable":true,"href":"https:\/\/aeroviarios.org.br\/index.php\/wp-json\/"}],"wp:attachment":[{"href":"https:\/\/aeroviarios.org.br\/index.php\/wp-json\/wp\/v2\/media?parent=9437"}],"wp:term":[{"taxonomy":"category","embeddable":true,"href":"https:\/\/aeroviarios.org.br\/index.php\/wp-json\/wp\/v2\/categories?post=9437"},{"taxonomy":"post_tag","embeddable":true,"href":"https:\/\/aeroviarios.org.br\/index.php\/wp-json\/wp\/v2\/tags?post=9437"}],"curies":[{"name":"wp","href":"https:\/\/api.w.org\/{rel}","templated":true}]}}