{"id":9418,"date":"2018-07-26T17:47:08","date_gmt":"2018-07-26T17:47:08","guid":{"rendered":"http:\/\/aeroviarios.org.br\/?p=9418"},"modified":"2018-07-26T17:47:08","modified_gmt":"2018-07-26T17:47:08","slug":"sindicato-esclarece-confusao-sobre-termo-na-tap-me","status":"publish","type":"post","link":"https:\/\/aeroviarios.org.br\/index.php\/2018\/07\/26\/sindicato-esclarece-confusao-sobre-termo-na-tap-me\/","title":{"rendered":"Sindicato esclarece confus\u00e3o sobre termo na TAP ME"},"content":{"rendered":"<p>Circula na TAP ME um documento que d\u00e1 op\u00e7\u00e3o de continuidade de uso do plano de sa\u00fade para quem for aposentado e tamb\u00e9m demitido. Muitos trabalhadores est\u00e3o com d\u00favidas sobre esse documento, e dada a falta de comunica\u00e7\u00e3o por parte da empresa, o Sindicato dos Aerovi\u00e1rios de Porto Alegre vem trazer mais informa\u00e7\u00f5es para a categoria.<\/p>\n<p>S\u00f3 deve atentar ao termo quem tiver mais de 10 anos de empresa, for aposentado, demitido e tiver aceito o acordo para os demitidos. Este trabalhador, se desejar manter o plano de sa\u00fade ap\u00f3s os cinco anos previstos no acordo, deve ent\u00e3o assinar este termo proposto pela TAP ME. \u00c9 importante frisar que, no caso do aceite do termo, o trabalhador pagar\u00e1 a sua parte e a parte da empresa a partir do t\u00e9rmino do prazo de cinco anos.<\/p>\n<p>&nbsp;<\/p>\n","protected":false},"excerpt":{"rendered":"<p>Circula na TAP ME um documento que d\u00e1 op\u00e7\u00e3o de continuidade de uso do plano de sa\u00fade para quem for aposentado e tamb\u00e9m demitido. Muitos trabalhadores est\u00e3o com d\u00favidas sobre esse documento, e dada a falta de comunica\u00e7\u00e3o por parte da empresa, o Sindicato dos Aerovi\u00e1rios de Porto Alegre vem trazer mais informa\u00e7\u00f5es para a<\/p>\n","protected":false},"author":1,"featured_media":8290,"comment_status":"open","ping_status":"open","sticky":false,"template":"","format":"standard","meta":{"footnotes":""},"categories":[27],"tags":[],"class_list":{"0":"post-9418","1":"post","2":"type-post","3":"status-publish","4":"format-standard","5":"has-post-thumbnail","7":"category-geral"},"_links":{"self":[{"href":"https:\/\/aeroviarios.org.br\/index.php\/wp-json\/wp\/v2\/posts\/9418","targetHints":{"allow":["GET"]}}],"collection":[{"href":"https:\/\/aeroviarios.org.br\/index.php\/wp-json\/wp\/v2\/posts"}],"about":[{"href":"https:\/\/aeroviarios.org.br\/index.php\/wp-json\/wp\/v2\/types\/post"}],"author":[{"embeddable":true,"href":"https:\/\/aeroviarios.org.br\/index.php\/wp-json\/wp\/v2\/users\/1"}],"replies":[{"embeddable":true,"href":"https:\/\/aeroviarios.org.br\/index.php\/wp-json\/wp\/v2\/comments?post=9418"}],"version-history":[{"count":0,"href":"https:\/\/aeroviarios.org.br\/index.php\/wp-json\/wp\/v2\/posts\/9418\/revisions"}],"wp:featuredmedia":[{"embeddable":true,"href":"https:\/\/aeroviarios.org.br\/index.php\/wp-json\/"}],"wp:attachment":[{"href":"https:\/\/aeroviarios.org.br\/index.php\/wp-json\/wp\/v2\/media?parent=9418"}],"wp:term":[{"taxonomy":"category","embeddable":true,"href":"https:\/\/aeroviarios.org.br\/index.php\/wp-json\/wp\/v2\/categories?post=9418"},{"taxonomy":"post_tag","embeddable":true,"href":"https:\/\/aeroviarios.org.br\/index.php\/wp-json\/wp\/v2\/tags?post=9418"}],"curies":[{"name":"wp","href":"https:\/\/api.w.org\/{rel}","templated":true}]}}