{"id":9416,"date":"2018-07-26T17:41:04","date_gmt":"2018-07-26T17:41:04","guid":{"rendered":"http:\/\/aeroviarios.org.br\/?p=9416"},"modified":"2018-07-26T17:41:04","modified_gmt":"2018-07-26T17:41:04","slug":"aeromotbrant-parcela-salarios-e-nao-cumpre-prazos","status":"publish","type":"post","link":"https:\/\/aeroviarios.org.br\/index.php\/2018\/07\/26\/aeromotbrant-parcela-salarios-e-nao-cumpre-prazos\/","title":{"rendered":"Aeromot\/Brant parcela sal\u00e1rios e n\u00e3o cumpre prazos"},"content":{"rendered":"<p>Sal\u00e1rios parcelados, prazos n\u00e3o cumpridos e cesta b\u00e1sica tamb\u00e9m atrasada. Esta \u00e9 uma realidade para os trabalhadores da Aeromot\/Brant que convivem com atrasos em seus pagamentos h\u00e1 meses, problema que se repete e torna-se parte da rotina desses aerovi\u00e1rios.<br \/>\nNo dia 13 de julho, a empresa pagou at\u00e9 mil reais para os trabalhadores, e confirmou que pagaria o restante dos valores at\u00e9 o dia 20 do mesmo m\u00eas. At\u00e9 hoje, 25 de julho, dia do fechamento desta edi\u00e7\u00e3o, nem o restante dos sal\u00e1rios e nem a cesta b\u00e1sica foram quitados.<\/p>\n<p>O Sindicato j\u00e1 realizou mais uma den\u00fancia para a Superintend\u00eancia Regional do Trabalho e Emprego (SRTE) sobre as pr\u00e1ticas da empresa.<\/p>\n","protected":false},"excerpt":{"rendered":"<p>Sal\u00e1rios parcelados, prazos n\u00e3o cumpridos e cesta b\u00e1sica tamb\u00e9m atrasada. Esta \u00e9 uma realidade para os trabalhadores da Aeromot\/Brant que convivem com atrasos em seus pagamentos h\u00e1 meses, problema que se repete e torna-se parte da rotina desses aerovi\u00e1rios. No dia 13 de julho, a empresa pagou at\u00e9 mil reais para os trabalhadores, e confirmou<\/p>\n","protected":false},"author":1,"featured_media":7994,"comment_status":"open","ping_status":"open","sticky":false,"template":"","format":"standard","meta":{"footnotes":""},"categories":[27],"tags":[],"class_list":{"0":"post-9416","1":"post","2":"type-post","3":"status-publish","4":"format-standard","5":"has-post-thumbnail","7":"category-geral"},"_links":{"self":[{"href":"https:\/\/aeroviarios.org.br\/index.php\/wp-json\/wp\/v2\/posts\/9416","targetHints":{"allow":["GET"]}}],"collection":[{"href":"https:\/\/aeroviarios.org.br\/index.php\/wp-json\/wp\/v2\/posts"}],"about":[{"href":"https:\/\/aeroviarios.org.br\/index.php\/wp-json\/wp\/v2\/types\/post"}],"author":[{"embeddable":true,"href":"https:\/\/aeroviarios.org.br\/index.php\/wp-json\/wp\/v2\/users\/1"}],"replies":[{"embeddable":true,"href":"https:\/\/aeroviarios.org.br\/index.php\/wp-json\/wp\/v2\/comments?post=9416"}],"version-history":[{"count":0,"href":"https:\/\/aeroviarios.org.br\/index.php\/wp-json\/wp\/v2\/posts\/9416\/revisions"}],"wp:featuredmedia":[{"embeddable":true,"href":"https:\/\/aeroviarios.org.br\/index.php\/wp-json\/"}],"wp:attachment":[{"href":"https:\/\/aeroviarios.org.br\/index.php\/wp-json\/wp\/v2\/media?parent=9416"}],"wp:term":[{"taxonomy":"category","embeddable":true,"href":"https:\/\/aeroviarios.org.br\/index.php\/wp-json\/wp\/v2\/categories?post=9416"},{"taxonomy":"post_tag","embeddable":true,"href":"https:\/\/aeroviarios.org.br\/index.php\/wp-json\/wp\/v2\/tags?post=9416"}],"curies":[{"name":"wp","href":"https:\/\/api.w.org\/{rel}","templated":true}]}}