{"id":9413,"date":"2018-07-24T14:50:37","date_gmt":"2018-07-24T14:50:37","guid":{"rendered":"http:\/\/aeroviarios.org.br\/?p=9413"},"modified":"2018-07-24T14:50:37","modified_gmt":"2018-07-24T14:50:37","slug":"advogada-civel-atendera-em-horario-especial-na-quinta-feira-26","status":"publish","type":"post","link":"https:\/\/aeroviarios.org.br\/index.php\/2018\/07\/24\/advogada-civel-atendera-em-horario-especial-na-quinta-feira-26\/","title":{"rendered":"Advogada C\u00edvel atender\u00e1 em hor\u00e1rio especial na quinta-feira (26)"},"content":{"rendered":"<p>A Dra. Ju\u00e7ara Lopes Moraes, Advogada C\u00edvel que atende na sede do Sindicato, atender\u00e1 em hor\u00e1rio especial nesta quinta-feira. O atendimento acontece das 14 \u00c0s 16h.<\/p>\n<p>Na pr\u00f3xima semana, o hor\u00e1rio normal de atendimento, das 14h30 \u00e0s 17h30, ser\u00e1 retomado.<\/p>\n","protected":false},"excerpt":{"rendered":"<p>A Dra. Ju\u00e7ara Lopes Moraes, Advogada C\u00edvel que atende na sede do Sindicato, atender\u00e1 em hor\u00e1rio especial nesta quinta-feira. O atendimento acontece das 14 \u00c0s 16h. Na pr\u00f3xima semana, o hor\u00e1rio normal de atendimento, das 14h30 \u00e0s 17h30, ser\u00e1 retomado.<\/p>\n","protected":false},"author":1,"featured_media":9390,"comment_status":"open","ping_status":"open","sticky":false,"template":"","format":"standard","meta":{"footnotes":""},"categories":[41],"tags":[],"class_list":{"0":"post-9413","1":"post","2":"type-post","3":"status-publish","4":"format-standard","5":"has-post-thumbnail","7":"category-uncategorized"},"_links":{"self":[{"href":"https:\/\/aeroviarios.org.br\/index.php\/wp-json\/wp\/v2\/posts\/9413","targetHints":{"allow":["GET"]}}],"collection":[{"href":"https:\/\/aeroviarios.org.br\/index.php\/wp-json\/wp\/v2\/posts"}],"about":[{"href":"https:\/\/aeroviarios.org.br\/index.php\/wp-json\/wp\/v2\/types\/post"}],"author":[{"embeddable":true,"href":"https:\/\/aeroviarios.org.br\/index.php\/wp-json\/wp\/v2\/users\/1"}],"replies":[{"embeddable":true,"href":"https:\/\/aeroviarios.org.br\/index.php\/wp-json\/wp\/v2\/comments?post=9413"}],"version-history":[{"count":0,"href":"https:\/\/aeroviarios.org.br\/index.php\/wp-json\/wp\/v2\/posts\/9413\/revisions"}],"wp:featuredmedia":[{"embeddable":true,"href":"https:\/\/aeroviarios.org.br\/index.php\/wp-json\/"}],"wp:attachment":[{"href":"https:\/\/aeroviarios.org.br\/index.php\/wp-json\/wp\/v2\/media?parent=9413"}],"wp:term":[{"taxonomy":"category","embeddable":true,"href":"https:\/\/aeroviarios.org.br\/index.php\/wp-json\/wp\/v2\/categories?post=9413"},{"taxonomy":"post_tag","embeddable":true,"href":"https:\/\/aeroviarios.org.br\/index.php\/wp-json\/wp\/v2\/tags?post=9413"}],"curies":[{"name":"wp","href":"https:\/\/api.w.org\/{rel}","templated":true}]}}