{"id":9411,"date":"2018-07-23T16:30:02","date_gmt":"2018-07-23T16:30:02","guid":{"rendered":"http:\/\/aeroviarios.org.br\/?p=9411"},"modified":"2018-07-23T16:30:02","modified_gmt":"2018-07-23T16:30:02","slug":"informe-juridico-aeroviarios-da-latam-e-da-aeroespaco-devem-comparecer-urgentemente-ao-sindicato","status":"publish","type":"post","link":"https:\/\/aeroviarios.org.br\/index.php\/2018\/07\/23\/informe-juridico-aeroviarios-da-latam-e-da-aeroespaco-devem-comparecer-urgentemente-ao-sindicato\/","title":{"rendered":"Informe Jur\u00eddico: aerovi\u00e1rios da Latam e da Aeroespa\u00e7o devem comparecer urgentemente ao Sindicato"},"content":{"rendered":"<p>Os aerovi\u00e1rios listados abaixo devem comparecer urgentemente ao Sindicato dos Aerovi\u00e1rios de Porto Alegre (Rua Augusto Severo, 82) para tratar de a\u00e7\u00e3o judicial:<\/p>\n<p><strong>Latam<\/strong><\/p>\n<p><em>Bernardo Lucas Arismendi<\/em><\/p>\n<p><em>Carlos Adriano Moura de Campos<\/em><\/p>\n<p><em>Carlos Henrique Pereira Soares<\/em><\/p>\n<p><em>Cassio Monteiro Franca<\/em><\/p>\n<p><em>Cesar William de Lima Silva<\/em><\/p>\n<p><em>Claudio Luis Andrade<\/em><\/p>\n<p><em>Claudio Luis Moreira dos Santos<\/em><\/p>\n<p><em>Cledir Vieira<\/em><\/p>\n<p><em>Cristiano Gon\u00e7alves da Luz<\/em><\/p>\n<p><strong>Aeroespa\u00e7o<\/strong><\/p>\n<p>Andr\u00e9ia da Silva Olino<\/p>\n<p>Caroline Avallone Poloni<\/p>\n<p>Cristiane M\u00fcller da Silva<\/p>\n<p>Dalva Brand\u00e3o Santiago<\/p>\n<p>Erica Hendrischky<\/p>\n<p>Geraldo G. Lapuente<\/p>\n<p>Jair Dorneles de Souza<\/p>\n<p>Jane Raquel Niada<\/p>\n<p>Luciano Soldan Hugo<\/p>\n<p>Marcelo Lopes Goulart<\/p>\n<p>Marcos Ant\u00f4nio Balancelli<\/p>\n<p>Marcos Ant\u00f4nio B. de Souza<\/p>\n<p>Marli da Silva Antonello Martin<\/p>\n<p>Neiva Rosa Wallauer Matusial<\/p>\n<p>Osmar Barbosa<\/p>\n<p>Paula Magalh\u00e3es da Cruz<\/p>\n<p>Romildo Burgheri<\/p>\n<p>Valdirene de S. de Carvalho<\/p>\n<p>Vladimir S. de Monteiro<\/p>\n","protected":false},"excerpt":{"rendered":"<p>Os aerovi\u00e1rios listados abaixo devem comparecer urgentemente ao Sindicato dos Aerovi\u00e1rios de Porto Alegre (Rua Augusto Severo, 82) para tratar de a\u00e7\u00e3o judicial: Latam Bernardo Lucas Arismendi Carlos Adriano Moura de Campos Carlos Henrique Pereira Soares Cassio Monteiro Franca Cesar William de Lima Silva Claudio Luis Andrade Claudio Luis Moreira dos Santos Cledir Vieira Cristiano<\/p>\n","protected":false},"author":1,"featured_media":8477,"comment_status":"open","ping_status":"open","sticky":false,"template":"","format":"standard","meta":{"footnotes":""},"categories":[29,31],"tags":[],"class_list":{"0":"post-9411","1":"post","2":"type-post","3":"status-publish","4":"format-standard","5":"has-post-thumbnail","7":"category-juridico","8":"category-noticias"},"_links":{"self":[{"href":"https:\/\/aeroviarios.org.br\/index.php\/wp-json\/wp\/v2\/posts\/9411","targetHints":{"allow":["GET"]}}],"collection":[{"href":"https:\/\/aeroviarios.org.br\/index.php\/wp-json\/wp\/v2\/posts"}],"about":[{"href":"https:\/\/aeroviarios.org.br\/index.php\/wp-json\/wp\/v2\/types\/post"}],"author":[{"embeddable":true,"href":"https:\/\/aeroviarios.org.br\/index.php\/wp-json\/wp\/v2\/users\/1"}],"replies":[{"embeddable":true,"href":"https:\/\/aeroviarios.org.br\/index.php\/wp-json\/wp\/v2\/comments?post=9411"}],"version-history":[{"count":0,"href":"https:\/\/aeroviarios.org.br\/index.php\/wp-json\/wp\/v2\/posts\/9411\/revisions"}],"wp:featuredmedia":[{"embeddable":true,"href":"https:\/\/aeroviarios.org.br\/index.php\/wp-json\/"}],"wp:attachment":[{"href":"https:\/\/aeroviarios.org.br\/index.php\/wp-json\/wp\/v2\/media?parent=9411"}],"wp:term":[{"taxonomy":"category","embeddable":true,"href":"https:\/\/aeroviarios.org.br\/index.php\/wp-json\/wp\/v2\/categories?post=9411"},{"taxonomy":"post_tag","embeddable":true,"href":"https:\/\/aeroviarios.org.br\/index.php\/wp-json\/wp\/v2\/tags?post=9411"}],"curies":[{"name":"wp","href":"https:\/\/api.w.org\/{rel}","templated":true}]}}