{"id":9409,"date":"2018-07-19T13:47:17","date_gmt":"2018-07-19T13:47:17","guid":{"rendered":"http:\/\/aeroviarios.org.br\/?p=9409"},"modified":"2018-07-19T13:47:17","modified_gmt":"2018-07-19T13:47:17","slug":"medica-do-trabalho-nao-atendera-no-proximo-dia-24","status":"publish","type":"post","link":"https:\/\/aeroviarios.org.br\/index.php\/2018\/07\/19\/medica-do-trabalho-nao-atendera-no-proximo-dia-24\/","title":{"rendered":"M\u00e9dica do Trabalho n\u00e3o atender\u00e1 no pr\u00f3ximo dia 24"},"content":{"rendered":"<p>N\u00e3o haver\u00e1 atendimento com a Dra. Virg\u00ednia Dapper na pr\u00f3xima ter\u00e7a-feira (24). Os atendimentos ser\u00e3o retomados normalmente na ter\u00e7a-feira (31).<\/p>\n","protected":false},"excerpt":{"rendered":"<p>N\u00e3o haver\u00e1 atendimento com a Dra. Virg\u00ednia Dapper na pr\u00f3xima ter\u00e7a-feira (24). Os atendimentos ser\u00e3o retomados normalmente na ter\u00e7a-feira (31).<\/p>\n","protected":false},"author":1,"featured_media":8685,"comment_status":"open","ping_status":"open","sticky":false,"template":"","format":"standard","meta":{"footnotes":""},"categories":[31,28],"tags":[],"class_list":{"0":"post-9409","1":"post","2":"type-post","3":"status-publish","4":"format-standard","5":"has-post-thumbnail","7":"category-noticias","8":"category-saude"},"_links":{"self":[{"href":"https:\/\/aeroviarios.org.br\/index.php\/wp-json\/wp\/v2\/posts\/9409","targetHints":{"allow":["GET"]}}],"collection":[{"href":"https:\/\/aeroviarios.org.br\/index.php\/wp-json\/wp\/v2\/posts"}],"about":[{"href":"https:\/\/aeroviarios.org.br\/index.php\/wp-json\/wp\/v2\/types\/post"}],"author":[{"embeddable":true,"href":"https:\/\/aeroviarios.org.br\/index.php\/wp-json\/wp\/v2\/users\/1"}],"replies":[{"embeddable":true,"href":"https:\/\/aeroviarios.org.br\/index.php\/wp-json\/wp\/v2\/comments?post=9409"}],"version-history":[{"count":0,"href":"https:\/\/aeroviarios.org.br\/index.php\/wp-json\/wp\/v2\/posts\/9409\/revisions"}],"wp:featuredmedia":[{"embeddable":true,"href":"https:\/\/aeroviarios.org.br\/index.php\/wp-json\/"}],"wp:attachment":[{"href":"https:\/\/aeroviarios.org.br\/index.php\/wp-json\/wp\/v2\/media?parent=9409"}],"wp:term":[{"taxonomy":"category","embeddable":true,"href":"https:\/\/aeroviarios.org.br\/index.php\/wp-json\/wp\/v2\/categories?post=9409"},{"taxonomy":"post_tag","embeddable":true,"href":"https:\/\/aeroviarios.org.br\/index.php\/wp-json\/wp\/v2\/tags?post=9409"}],"curies":[{"name":"wp","href":"https:\/\/api.w.org\/{rel}","templated":true}]}}