{"id":9398,"date":"2018-07-05T16:55:20","date_gmt":"2018-07-05T16:55:20","guid":{"rendered":"http:\/\/aeroviarios.org.br\/?p=9398"},"modified":"2018-07-05T16:55:20","modified_gmt":"2018-07-05T16:55:20","slug":"junho-foi-mes-dificil-para-os-aeroviarios","status":"publish","type":"post","link":"https:\/\/aeroviarios.org.br\/index.php\/2018\/07\/05\/junho-foi-mes-dificil-para-os-aeroviarios\/","title":{"rendered":"Relat\u00f3rio mensal: junho foi m\u00eas dif\u00edcil para os aerovi\u00e1rios"},"content":{"rendered":"<p>Al\u00e9m dos servi\u00e7os di\u00e1rios do Sindicato dos Aerovi\u00e1rios de Porto Alegre, com atendimentos jur\u00eddicos, de sa\u00fade e homologa\u00e7\u00f5es, junho foi um m\u00eas de muitas atividades envolvendo a TAP ME. Mais demiss\u00f5es na empresa trouxeram para os aerovi\u00e1rios um ambiente de trabalho complicado e cheio de incertezas, e o Sindicato esteve presente ao lado do trabalhador neste momento dif\u00edcil.<\/p>\n<p>Para o Sindicato, esta \u00e9 uma baixa que deve se mostrar passageira. Segundo a entidade, a avia\u00e7\u00e3o \u00e9 um setor que j\u00e1 passou fases de baixa, mas que invariavelmente volta a crescer, podendo inclusive dobrar de tamanho. Com a retomada do crescimento do setor, o Sindicato acredita que exista a possibilidade de abertura de novas vagas.<\/p>\n<p>Tamb\u00e9m tivemos no final deste m\u00eas, no dia 28, a assembleia que aprovou por unanimidade a extens\u00e3o do acordo para aerovi\u00e1rios demitidos na TAP ME. Ao todo foram 143 trabalhadores que vieram at\u00e9 a sede do Sindicato e participaram da vota\u00e7\u00e3o.<\/p>\n<p>Veja mais atividades abaixo:<\/p>\n<p><img fetchpriority=\"high\" decoding=\"async\" class=\"aligncenter wp-image-9399\" src=\"https:\/\/aeroviarios.org.br\/novo\/wp-content\/uploads\/2018\/07\/Untitled-2.png\" alt=\"\" width=\"311\" height=\"460\" \/><\/p>\n","protected":false},"excerpt":{"rendered":"<p>Al\u00e9m dos servi\u00e7os di\u00e1rios do Sindicato dos Aerovi\u00e1rios de Porto Alegre, com atendimentos jur\u00eddicos, de sa\u00fade e homologa\u00e7\u00f5es, junho foi um m\u00eas de muitas atividades envolvendo a TAP ME. Mais demiss\u00f5es na empresa trouxeram para os aerovi\u00e1rios um ambiente de trabalho complicado e cheio de incertezas, e o Sindicato esteve presente ao lado do trabalhador<\/p>\n","protected":false},"author":1,"featured_media":9379,"comment_status":"open","ping_status":"open","sticky":false,"template":"","format":"standard","meta":{"footnotes":""},"categories":[27,31],"tags":[],"class_list":{"0":"post-9398","1":"post","2":"type-post","3":"status-publish","4":"format-standard","5":"has-post-thumbnail","7":"category-geral","8":"category-noticias"},"_links":{"self":[{"href":"https:\/\/aeroviarios.org.br\/index.php\/wp-json\/wp\/v2\/posts\/9398","targetHints":{"allow":["GET"]}}],"collection":[{"href":"https:\/\/aeroviarios.org.br\/index.php\/wp-json\/wp\/v2\/posts"}],"about":[{"href":"https:\/\/aeroviarios.org.br\/index.php\/wp-json\/wp\/v2\/types\/post"}],"author":[{"embeddable":true,"href":"https:\/\/aeroviarios.org.br\/index.php\/wp-json\/wp\/v2\/users\/1"}],"replies":[{"embeddable":true,"href":"https:\/\/aeroviarios.org.br\/index.php\/wp-json\/wp\/v2\/comments?post=9398"}],"version-history":[{"count":0,"href":"https:\/\/aeroviarios.org.br\/index.php\/wp-json\/wp\/v2\/posts\/9398\/revisions"}],"wp:featuredmedia":[{"embeddable":true,"href":"https:\/\/aeroviarios.org.br\/index.php\/wp-json\/"}],"wp:attachment":[{"href":"https:\/\/aeroviarios.org.br\/index.php\/wp-json\/wp\/v2\/media?parent=9398"}],"wp:term":[{"taxonomy":"category","embeddable":true,"href":"https:\/\/aeroviarios.org.br\/index.php\/wp-json\/wp\/v2\/categories?post=9398"},{"taxonomy":"post_tag","embeddable":true,"href":"https:\/\/aeroviarios.org.br\/index.php\/wp-json\/wp\/v2\/tags?post=9398"}],"curies":[{"name":"wp","href":"https:\/\/api.w.org\/{rel}","templated":true}]}}