{"id":9389,"date":"2018-07-04T14:23:02","date_gmt":"2018-07-04T14:23:02","guid":{"rendered":"http:\/\/aeroviarios.org.br\/?p=9389"},"modified":"2018-07-04T14:23:02","modified_gmt":"2018-07-04T14:23:02","slug":"informe-juridico-trabalhadores-da-tap-me-e-da-swissport-devem-comparecer-ao-sindicato","status":"publish","type":"post","link":"https:\/\/aeroviarios.org.br\/index.php\/2018\/07\/04\/informe-juridico-trabalhadores-da-tap-me-e-da-swissport-devem-comparecer-ao-sindicato\/","title":{"rendered":"Informe Jur\u00eddico: trabalhadores da TAP ME e da Swissport devem comparecer ao Sindicato"},"content":{"rendered":"<p>Os aerovi\u00e1rios listados abaixo devem comparecer urgentemente ao Sindicato dos Aerovi\u00e1rios de Porto Alegre (Rua Augusto Severo, 82) para tratar de a\u00e7\u00e3o judicial.<\/p>\n<p><strong>TAP ME<\/strong><\/p>\n<p><em>Cleber Christ<\/em><br \/>\n<em>Cleber Ottaran Moraes<\/em><br \/>\n<em>Cleiton Schroder Darsky<\/em><br \/>\n<em>Clodoveu Gon\u00e7alves<\/em><br \/>\n<em>Cristian Muller<\/em><br \/>\n<em>Cristiano Cascaes Bonades<\/em><br \/>\n<em>Cristiano Cristofolini<\/em><br \/>\n<em>Darcy Geraldo Wolkmer<\/em><br \/>\n<em>David Augusto Klein Carvalho<\/em><\/p>\n<p><strong>Swissport<\/strong><\/p>\n<p><em>Alexandro Concei\u00e7\u00e3o Freitas<\/em><br \/>\n<em>Anderson J. da Silva<\/em><br \/>\n<em>Anderson M. dos Santos<\/em><br \/>\n<em>Anderson Moreira Nunes<\/em><br \/>\n<em>Cristiano Ribeiro Martins<\/em><br \/>\n<em>Daniel Payano Lopes<\/em><br \/>\n<em>Edison Jair Ferreira<\/em><br \/>\n<em>Eduardo de Oliveira Anselmo<\/em><br \/>\n<em>Everton de Souza Rodrigues<\/em><br \/>\n<em>Flavio Altenette Prestes<\/em><br \/>\n<em>Gustavo Moreira de Oliveira<\/em><br \/>\n<em>Igor Gomes Rochel<\/em><br \/>\n<em>Janone Lopes Soares<\/em><br \/>\n<em>Leonardo Dos Santos Moura<\/em><br \/>\n<em>Lucio Mauro Ciochetta<\/em><br \/>\n<em>Luiz F. Dos Santos Pinheiro<\/em><br \/>\n<em>Mario Cristiano Vaz Ferreira<\/em><br \/>\n<em>Mateus Gomes Garrafiel<\/em><br \/>\n<em>Nelson Luiz Coitinho<\/em><br \/>\n<em>Nelson Pedro da Silva Junior<\/em><br \/>\n<em>Paulo Cesar Aguiar da Silva<\/em><br \/>\n<em>Renato de Oliveira Paiva<\/em><br \/>\n<em>Robson Telles de Lima<\/em><br \/>\n<em>Vanderlei Louren\u00e7o<\/em><br \/>\n<em>Wagner Couto de Moraes<\/em><\/p>\n","protected":false},"excerpt":{"rendered":"<p>Os aerovi\u00e1rios listados abaixo devem comparecer urgentemente ao Sindicato dos Aerovi\u00e1rios de Porto Alegre (Rua Augusto Severo, 82) para tratar de a\u00e7\u00e3o judicial. TAP ME Cleber Christ Cleber Ottaran Moraes Cleiton Schroder Darsky Clodoveu Gon\u00e7alves Cristian Muller Cristiano Cascaes Bonades Cristiano Cristofolini Darcy Geraldo Wolkmer David Augusto Klein Carvalho Swissport Alexandro Concei\u00e7\u00e3o Freitas Anderson J.<\/p>\n","protected":false},"author":1,"featured_media":9390,"comment_status":"open","ping_status":"open","sticky":false,"template":"","format":"standard","meta":{"footnotes":""},"categories":[29,31],"tags":[],"class_list":{"0":"post-9389","1":"post","2":"type-post","3":"status-publish","4":"format-standard","5":"has-post-thumbnail","7":"category-juridico","8":"category-noticias"},"_links":{"self":[{"href":"https:\/\/aeroviarios.org.br\/index.php\/wp-json\/wp\/v2\/posts\/9389","targetHints":{"allow":["GET"]}}],"collection":[{"href":"https:\/\/aeroviarios.org.br\/index.php\/wp-json\/wp\/v2\/posts"}],"about":[{"href":"https:\/\/aeroviarios.org.br\/index.php\/wp-json\/wp\/v2\/types\/post"}],"author":[{"embeddable":true,"href":"https:\/\/aeroviarios.org.br\/index.php\/wp-json\/wp\/v2\/users\/1"}],"replies":[{"embeddable":true,"href":"https:\/\/aeroviarios.org.br\/index.php\/wp-json\/wp\/v2\/comments?post=9389"}],"version-history":[{"count":0,"href":"https:\/\/aeroviarios.org.br\/index.php\/wp-json\/wp\/v2\/posts\/9389\/revisions"}],"wp:featuredmedia":[{"embeddable":true,"href":"https:\/\/aeroviarios.org.br\/index.php\/wp-json\/"}],"wp:attachment":[{"href":"https:\/\/aeroviarios.org.br\/index.php\/wp-json\/wp\/v2\/media?parent=9389"}],"wp:term":[{"taxonomy":"category","embeddable":true,"href":"https:\/\/aeroviarios.org.br\/index.php\/wp-json\/wp\/v2\/categories?post=9389"},{"taxonomy":"post_tag","embeddable":true,"href":"https:\/\/aeroviarios.org.br\/index.php\/wp-json\/wp\/v2\/tags?post=9389"}],"curies":[{"name":"wp","href":"https:\/\/api.w.org\/{rel}","templated":true}]}}