{"id":9378,"date":"2018-06-28T20:44:56","date_gmt":"2018-06-28T20:44:56","guid":{"rendered":"http:\/\/aeroviarios.org.br\/?p=9378"},"modified":"2018-06-28T20:44:56","modified_gmt":"2018-06-28T20:44:56","slug":"aeroviarios-aprovam-prorrogacao-do-acordo-na-tap-me","status":"publish","type":"post","link":"https:\/\/aeroviarios.org.br\/index.php\/2018\/06\/28\/aeroviarios-aprovam-prorrogacao-do-acordo-na-tap-me\/","title":{"rendered":"Aerovi\u00e1rios aprovam prorroga\u00e7\u00e3o do acordo na TAP ME"},"content":{"rendered":"<p>Nesta quinta-feira (28), com primeira chamada \u00e0s 15h30 e segunda chamada \u00e0s 17h, os trabalhadores da TAP ME vieram at\u00e9 a sede do Sindicato dos Aerovi\u00e1rios de Porto Alegre e decidiram pela prorroga\u00e7\u00e3o do acordo para aerovi\u00e1rios demitidos. Ao total, 143 aerovi\u00e1rios compareceram, contabilizando 143 votos favor\u00e1veis, zero absten\u00e7\u00f5es e votos contr\u00e1rios.<\/p>\n<figure id=\"attachment_9380\" aria-describedby=\"caption-attachment-9380\" style=\"width: 702px\" class=\"wp-caption aligncenter\"><img fetchpriority=\"high\" decoding=\"async\" class=\"wp-image-9380 size-large\" src=\"https:\/\/aeroviarios.org.br\/novo\/wp-content\/uploads\/2018\/06\/IMG_1609-1024x683.jpg\" alt=\"\" width=\"702\" height=\"468\" \/><figcaption id=\"caption-attachment-9380\" class=\"wp-caption-text\">Dra. Renata Chalegre tirou d\u00favidas dos trabalhadores na assembleia. (Johnny Oliveira\/Sindicato)<\/figcaption><\/figure>\n<p>Na pr\u00e1tica, o acordo segue o mesmo, mas o prazo da proposta se estende at\u00e9 trinta de julho. S\u00e3o quatro sal\u00e1rios, cinco anos de plano de sa\u00fade, dent\u00e1rio e passagens TAP para quem optar por aderir ao termo.<\/p>\n<figure id=\"attachment_9381\" aria-describedby=\"caption-attachment-9381\" style=\"width: 702px\" class=\"wp-caption aligncenter\"><img decoding=\"async\" class=\"wp-image-9381 size-large\" src=\"https:\/\/aeroviarios.org.br\/novo\/wp-content\/uploads\/2018\/06\/IMG_1574-1024x683.jpg\" alt=\"\" width=\"702\" height=\"468\" \/><figcaption id=\"caption-attachment-9381\" class=\"wp-caption-text\">Primeira chamada tamb\u00e9m aprovou proposta por unanimidade.<\/figcaption><\/figure>\n<p>O Sindicato e a assessoria jur\u00eddica da entidade est\u00e3o dispon\u00edveis para os aerovi\u00e1rios tirarem suas d\u00favidas. Os trabalhadores que tiverem quaisquer questionamentos sobre a proposta podem procurar os diretores jur\u00eddicos do Sindicato, na sede da entidade, todos os dias das 9h \u00e0s 17h30. A Dra. Renata Chalegre, do escrit\u00f3rio Camargo, Catita e Maineri Advogados e Associados, tamb\u00e9m atende na sede sindical, todas as ter\u00e7as-feiras, das 15h30 \u00e0s 17h30.<\/p>\n","protected":false},"excerpt":{"rendered":"<p>Nesta quinta-feira (28), com primeira chamada \u00e0s 15h30 e segunda chamada \u00e0s 17h, os trabalhadores da TAP ME vieram at\u00e9 a sede do Sindicato dos Aerovi\u00e1rios de Porto Alegre e decidiram pela prorroga\u00e7\u00e3o do acordo para aerovi\u00e1rios demitidos. Ao total, 143 aerovi\u00e1rios compareceram, contabilizando 143 votos favor\u00e1veis, zero absten\u00e7\u00f5es e votos contr\u00e1rios. Na pr\u00e1tica, o<\/p>\n","protected":false},"author":1,"featured_media":9379,"comment_status":"open","ping_status":"open","sticky":false,"template":"","format":"standard","meta":{"footnotes":""},"categories":[27,31],"tags":[],"class_list":{"0":"post-9378","1":"post","2":"type-post","3":"status-publish","4":"format-standard","5":"has-post-thumbnail","7":"category-geral","8":"category-noticias"},"_links":{"self":[{"href":"https:\/\/aeroviarios.org.br\/index.php\/wp-json\/wp\/v2\/posts\/9378","targetHints":{"allow":["GET"]}}],"collection":[{"href":"https:\/\/aeroviarios.org.br\/index.php\/wp-json\/wp\/v2\/posts"}],"about":[{"href":"https:\/\/aeroviarios.org.br\/index.php\/wp-json\/wp\/v2\/types\/post"}],"author":[{"embeddable":true,"href":"https:\/\/aeroviarios.org.br\/index.php\/wp-json\/wp\/v2\/users\/1"}],"replies":[{"embeddable":true,"href":"https:\/\/aeroviarios.org.br\/index.php\/wp-json\/wp\/v2\/comments?post=9378"}],"version-history":[{"count":0,"href":"https:\/\/aeroviarios.org.br\/index.php\/wp-json\/wp\/v2\/posts\/9378\/revisions"}],"wp:featuredmedia":[{"embeddable":true,"href":"https:\/\/aeroviarios.org.br\/index.php\/wp-json\/"}],"wp:attachment":[{"href":"https:\/\/aeroviarios.org.br\/index.php\/wp-json\/wp\/v2\/media?parent=9378"}],"wp:term":[{"taxonomy":"category","embeddable":true,"href":"https:\/\/aeroviarios.org.br\/index.php\/wp-json\/wp\/v2\/categories?post=9378"},{"taxonomy":"post_tag","embeddable":true,"href":"https:\/\/aeroviarios.org.br\/index.php\/wp-json\/wp\/v2\/tags?post=9378"}],"curies":[{"name":"wp","href":"https:\/\/api.w.org\/{rel}","templated":true}]}}