{"id":9373,"date":"2018-06-26T19:34:29","date_gmt":"2018-06-26T19:34:29","guid":{"rendered":"http:\/\/aeroviarios.org.br\/?p=9373"},"modified":"2018-06-26T19:34:29","modified_gmt":"2018-06-26T19:34:29","slug":"sindicato-tera-horario-especial-nesta-quarta-feira-27","status":"publish","type":"post","link":"https:\/\/aeroviarios.org.br\/index.php\/2018\/06\/26\/sindicato-tera-horario-especial-nesta-quarta-feira-27\/","title":{"rendered":"Sindicato ter\u00e1 hor\u00e1rio especial nesta quarta-feira (27)"},"content":{"rendered":"<p>Devido ao jogo da sele\u00e7\u00e3o brasileira nesta quarta-feira (27), o Sindicato dos Aerovi\u00e1rios de Porto Alegre atender\u00e1 somente at\u00e9 as 14h. O atendimento do advogado previdenci\u00e1rio Tiago Kidricki, que aconteceria as 16h30, ser\u00e1 retomado normalmente na pr\u00f3xima semana.<\/p>\n","protected":false},"excerpt":{"rendered":"<p>Devido ao jogo da sele\u00e7\u00e3o brasileira nesta quarta-feira (27), o Sindicato dos Aerovi\u00e1rios de Porto Alegre atender\u00e1 somente at\u00e9 as 14h. O atendimento do advogado previdenci\u00e1rio Tiago Kidricki, que aconteceria as 16h30, ser\u00e1 retomado normalmente na pr\u00f3xima semana.<\/p>\n","protected":false},"author":1,"featured_media":8329,"comment_status":"open","ping_status":"open","sticky":false,"template":"","format":"standard","meta":{"footnotes":""},"categories":[44,31],"tags":[],"class_list":{"0":"post-9373","1":"post","2":"type-post","3":"status-publish","4":"format-standard","5":"has-post-thumbnail","7":"category-notas-e-comunicados-2","8":"category-noticias"},"_links":{"self":[{"href":"https:\/\/aeroviarios.org.br\/index.php\/wp-json\/wp\/v2\/posts\/9373","targetHints":{"allow":["GET"]}}],"collection":[{"href":"https:\/\/aeroviarios.org.br\/index.php\/wp-json\/wp\/v2\/posts"}],"about":[{"href":"https:\/\/aeroviarios.org.br\/index.php\/wp-json\/wp\/v2\/types\/post"}],"author":[{"embeddable":true,"href":"https:\/\/aeroviarios.org.br\/index.php\/wp-json\/wp\/v2\/users\/1"}],"replies":[{"embeddable":true,"href":"https:\/\/aeroviarios.org.br\/index.php\/wp-json\/wp\/v2\/comments?post=9373"}],"version-history":[{"count":0,"href":"https:\/\/aeroviarios.org.br\/index.php\/wp-json\/wp\/v2\/posts\/9373\/revisions"}],"wp:featuredmedia":[{"embeddable":true,"href":"https:\/\/aeroviarios.org.br\/index.php\/wp-json\/"}],"wp:attachment":[{"href":"https:\/\/aeroviarios.org.br\/index.php\/wp-json\/wp\/v2\/media?parent=9373"}],"wp:term":[{"taxonomy":"category","embeddable":true,"href":"https:\/\/aeroviarios.org.br\/index.php\/wp-json\/wp\/v2\/categories?post=9373"},{"taxonomy":"post_tag","embeddable":true,"href":"https:\/\/aeroviarios.org.br\/index.php\/wp-json\/wp\/v2\/tags?post=9373"}],"curies":[{"name":"wp","href":"https:\/\/api.w.org\/{rel}","templated":true}]}}