{"id":9330,"date":"2018-06-25T14:34:01","date_gmt":"2018-06-25T14:34:01","guid":{"rendered":"http:\/\/aeroviarios.org.br\/?p=9330"},"modified":"2018-06-25T14:34:01","modified_gmt":"2018-06-25T14:34:01","slug":"setores-da-tap-me-sao-denunciados-ao-mpt","status":"publish","type":"post","link":"https:\/\/aeroviarios.org.br\/index.php\/2018\/06\/25\/setores-da-tap-me-sao-denunciados-ao-mpt\/","title":{"rendered":"Setores da TAP ME s\u00e3o denunciados ao MPT"},"content":{"rendered":"<p>Na quinta-feira (21) semana passada, o Sindicato dos Aerovi\u00e1rios de Porto Alegre foi chamado para uma audi\u00eancia no Minist\u00e9rio P\u00fablico do Trabalho (MPT) sobre uma den\u00fancia de n\u00e3o sindicaliza\u00e7\u00e3o de um aerovi\u00e1rio j\u00e1 demitido. Por\u00e9m, a dire\u00e7\u00e3o sindical foi surpreendida com questionamentos sobre setores como Galvanoplastia, Trem de Pouso, Pintura e Laborat\u00f3rio que estariam comprometendo a seguran\u00e7a de voo.<\/p>\n<p>A prioridade do Sindicato \u00e9 a seguran\u00e7a do trabalhador. Diversas den\u00fancias, as interdi\u00e7\u00f5es, processos de periculosidade e insalubridade mostram com clareza que a Sa\u00fade e Seguran\u00e7a do Trabalho \u00e9 um dos focos do trabalho di\u00e1rio da entidade sindical. O Sindicato sempre realizou esse trabalho com seriedade procurando provas e informa\u00e7\u00f5es para fundamentar suas den\u00fancias, e assim continuar\u00e1 fazendo.<\/p>\n<p>O MPT deu o prazo de 30 dias para que o Sindicato d\u00ea mais informa\u00e7\u00f5es sobre a situa\u00e7\u00e3o dos setores.<\/p>\n","protected":false},"excerpt":{"rendered":"<p>Na quinta-feira (21) semana passada, o Sindicato dos Aerovi\u00e1rios de Porto Alegre foi chamado para uma audi\u00eancia no Minist\u00e9rio P\u00fablico do Trabalho (MPT) sobre uma den\u00fancia de n\u00e3o sindicaliza\u00e7\u00e3o de um aerovi\u00e1rio j\u00e1 demitido. Por\u00e9m, a dire\u00e7\u00e3o sindical foi surpreendida com questionamentos sobre setores como Galvanoplastia, Trem de Pouso, Pintura e Laborat\u00f3rio que estariam comprometendo<\/p>\n","protected":false},"author":1,"featured_media":8477,"comment_status":"open","ping_status":"open","sticky":false,"template":"","format":"standard","meta":{"footnotes":""},"categories":[29,31],"tags":[],"class_list":{"0":"post-9330","1":"post","2":"type-post","3":"status-publish","4":"format-standard","5":"has-post-thumbnail","7":"category-juridico","8":"category-noticias"},"_links":{"self":[{"href":"https:\/\/aeroviarios.org.br\/index.php\/wp-json\/wp\/v2\/posts\/9330","targetHints":{"allow":["GET"]}}],"collection":[{"href":"https:\/\/aeroviarios.org.br\/index.php\/wp-json\/wp\/v2\/posts"}],"about":[{"href":"https:\/\/aeroviarios.org.br\/index.php\/wp-json\/wp\/v2\/types\/post"}],"author":[{"embeddable":true,"href":"https:\/\/aeroviarios.org.br\/index.php\/wp-json\/wp\/v2\/users\/1"}],"replies":[{"embeddable":true,"href":"https:\/\/aeroviarios.org.br\/index.php\/wp-json\/wp\/v2\/comments?post=9330"}],"version-history":[{"count":0,"href":"https:\/\/aeroviarios.org.br\/index.php\/wp-json\/wp\/v2\/posts\/9330\/revisions"}],"wp:featuredmedia":[{"embeddable":true,"href":"https:\/\/aeroviarios.org.br\/index.php\/wp-json\/"}],"wp:attachment":[{"href":"https:\/\/aeroviarios.org.br\/index.php\/wp-json\/wp\/v2\/media?parent=9330"}],"wp:term":[{"taxonomy":"category","embeddable":true,"href":"https:\/\/aeroviarios.org.br\/index.php\/wp-json\/wp\/v2\/categories?post=9330"},{"taxonomy":"post_tag","embeddable":true,"href":"https:\/\/aeroviarios.org.br\/index.php\/wp-json\/wp\/v2\/tags?post=9330"}],"curies":[{"name":"wp","href":"https:\/\/api.w.org\/{rel}","templated":true}]}}