{"id":9316,"date":"2018-06-20T13:56:10","date_gmt":"2018-06-20T13:56:10","guid":{"rendered":"http:\/\/aeroviarios.org.br\/?p=9316"},"modified":"2018-06-20T13:56:10","modified_gmt":"2018-06-20T13:56:10","slug":"informe-juridico-aeroviarios-da-latam-vrg-e-swissport-devem-contatar-o-sindicato","status":"publish","type":"post","link":"https:\/\/aeroviarios.org.br\/index.php\/2018\/06\/20\/informe-juridico-aeroviarios-da-latam-vrg-e-swissport-devem-contatar-o-sindicato\/","title":{"rendered":"Informe Jur\u00eddico: aerovi\u00e1rios da Latam, VRG e Swissport devem contatar o Sindicato"},"content":{"rendered":"<p>Os aerovi\u00e1rios listados abaixo devem comparecer urgentemente \u00e0 sede do Sindicato dos Aerovi\u00e1rios de Porto Alegre (Rua Augusto Severo, 82) para tratar de a\u00e7\u00e3o judicial:<\/p>\n<p><strong>Latam:<\/strong><\/p>\n<p>Carlos Henrique Pereira Soares<\/p>\n<p>Cassio Monteiro Franca<\/p>\n<p>Everaldo de Couto<\/p>\n<p><strong>VRG:<\/strong><\/p>\n<p>Anderson David de Souza<\/p>\n<p>Evandro Gon\u00e7alves da Rosa<\/p>\n<p><strong>Swissport:<\/strong><\/p>\n<p>Rogerio Prates Tavares<\/p>\n<p>Ronei Vagner Pereira da Silva<\/p>\n","protected":false},"excerpt":{"rendered":"<p>Os aerovi\u00e1rios listados abaixo devem comparecer urgentemente \u00e0 sede do Sindicato dos Aerovi\u00e1rios de Porto Alegre (Rua Augusto Severo, 82) para tratar de a\u00e7\u00e3o judicial: Latam: Carlos Henrique Pereira Soares Cassio Monteiro Franca Everaldo de Couto VRG: Anderson David de Souza Evandro Gon\u00e7alves da Rosa Swissport: Rogerio Prates Tavares Ronei Vagner Pereira da Silva<\/p>\n","protected":false},"author":1,"featured_media":8477,"comment_status":"open","ping_status":"open","sticky":false,"template":"","format":"standard","meta":{"footnotes":""},"categories":[29],"tags":[],"class_list":{"0":"post-9316","1":"post","2":"type-post","3":"status-publish","4":"format-standard","5":"has-post-thumbnail","7":"category-juridico"},"_links":{"self":[{"href":"https:\/\/aeroviarios.org.br\/index.php\/wp-json\/wp\/v2\/posts\/9316","targetHints":{"allow":["GET"]}}],"collection":[{"href":"https:\/\/aeroviarios.org.br\/index.php\/wp-json\/wp\/v2\/posts"}],"about":[{"href":"https:\/\/aeroviarios.org.br\/index.php\/wp-json\/wp\/v2\/types\/post"}],"author":[{"embeddable":true,"href":"https:\/\/aeroviarios.org.br\/index.php\/wp-json\/wp\/v2\/users\/1"}],"replies":[{"embeddable":true,"href":"https:\/\/aeroviarios.org.br\/index.php\/wp-json\/wp\/v2\/comments?post=9316"}],"version-history":[{"count":0,"href":"https:\/\/aeroviarios.org.br\/index.php\/wp-json\/wp\/v2\/posts\/9316\/revisions"}],"wp:featuredmedia":[{"embeddable":true,"href":"https:\/\/aeroviarios.org.br\/index.php\/wp-json\/"}],"wp:attachment":[{"href":"https:\/\/aeroviarios.org.br\/index.php\/wp-json\/wp\/v2\/media?parent=9316"}],"wp:term":[{"taxonomy":"category","embeddable":true,"href":"https:\/\/aeroviarios.org.br\/index.php\/wp-json\/wp\/v2\/categories?post=9316"},{"taxonomy":"post_tag","embeddable":true,"href":"https:\/\/aeroviarios.org.br\/index.php\/wp-json\/wp\/v2\/tags?post=9316"}],"curies":[{"name":"wp","href":"https:\/\/api.w.org\/{rel}","templated":true}]}}