{"id":9310,"date":"2018-06-14T14:37:32","date_gmt":"2018-06-14T14:37:32","guid":{"rendered":"http:\/\/aeroviarios.org.br\/?p=9310"},"modified":"2018-06-14T14:37:32","modified_gmt":"2018-06-14T14:37:32","slug":"tap-me-alcanca-lucro-trabalhadores-continuarao-pagando-conta","status":"publish","type":"post","link":"https:\/\/aeroviarios.org.br\/index.php\/2018\/06\/14\/tap-me-alcanca-lucro-trabalhadores-continuarao-pagando-conta\/","title":{"rendered":"TAP ME alcan\u00e7a lucro: trabalhadores continuar\u00e3o pagando a conta?"},"content":{"rendered":"<p>Desde o come\u00e7o das demiss\u00f5es na TAP ME Porto Alegre, a justificativa da empresa para todo esse processo era que a base n\u00e3o dava lucro. Agora, pelo segundo trimestre consecutivo, a base em que trabalham os aerovi\u00e1rios ga\u00fachos est\u00e1 apresentando resultados positivos.<\/p>\n<p>Na reuni\u00e3o da \u00faltima ter\u00e7a-feira (12), a diretoria da TAP ME afirmou que o lucro deste segundo trimestre est\u00e1 sendo de 10 milh\u00f5es de reais, resultado ainda mais substancial que no primeiro per\u00edodo deste ano. Tamb\u00e9m conforme a presid\u00eancia da empresa, os objetivos financeiros foram alcan\u00e7ados.<br \/>\nO questionamento do Sindicato dos Aerovi\u00e1rios de Porto Alegre perante todas essas afirma\u00e7\u00f5es \u00e9 um s\u00f3: agora as demiss\u00f5es na TAP ME n\u00e3o acontecer\u00e3o mais? A entidade sindical espera que com a afirma\u00e7\u00e3o de terem alcan\u00e7ados seus objetivos, os gestores da TAP ME revejam demiss\u00f5es que aconteceram por crit\u00e9rios duvidosos. O Sindicato tamb\u00e9m afirma que a situa\u00e7\u00e3o em que a empresa se encontra hoje deve-se muito ao que foi feito pelos pr\u00f3prios gestores nos \u00faltimos anos, que mantiveram altos cargos e sal\u00e1rios sem fun\u00e7\u00e3o definida, mas demitiram sumariamente trabalhadores jovens e produtivos.<\/p>\n<p><em>\u201cOs aerovi\u00e1rios n\u00e3o podem mais pagar a conta da p\u00e9ssima gest\u00e3o da TAP ME\u201d, condena o Sindicato.<\/em><\/p>\n<p><strong>Veja outros pontos da reuni\u00e3o:<\/strong><\/p>\n<p><strong>Extens\u00e3o do acordo para demitidos<\/strong> \u2013 A empresa solicitou uma extens\u00e3o do acordo para os demitidos at\u00e9 31 de julho deste ano. Este \u00e9 o acordo que d\u00e1 quatro sal\u00e1rios, cinco anos de plano de sa\u00fade para titular e dependentes e de passagens a\u00e9reas TAP. Segundo a presidente da empresa, trabalhadores solicitaram a extens\u00e3o deste prazo para acordo. O Sindicato afirma que primeiro ir\u00e1 consultar o seu departamento jur\u00eddico sobre formas de viabilizar esta extens\u00e3o, e depois realizar\u00e1 uma assembleia com os trabalhadores para delibera\u00e7\u00e3o.<\/p>\n<p><strong>Hangares 1, 2 e 5<\/strong> \u2013 Quem esteve na TAP ME nesta \u00faltima semana ouviu os rumores nos corredores sobre a devolu\u00e7\u00e3o desses Hangares para a Fraport. O Sindicato levou esse assunto para mesa de reuni\u00f5es e pediu explica\u00e7\u00f5es. A presidente da empresa alega que h\u00e1 um estudo de realoca\u00e7\u00e3o dos trabalhadores dos hangares 1, 2 e 5 para os hangares 3 e 4 e que tamb\u00e9m haver\u00e1 um processo seletivo para vagas nas oficinas. Segundo ela, a devolu\u00e7\u00e3o desses locais resultaria em uma diminui\u00e7\u00e3o do valor do contrato de aluguel firmado com a gestora do Salgado Filho, o que \u00e9 de interesse da empresa. O Sindicato reconhece o p\u00e9ssimo ambiente causado por esse estudo e solicita para a TAP ME que as decis\u00f5es tomadas sejam divulgadas o quanto antes e com clareza para a categoria.<\/p>\n<p><strong>Plano de sa\u00fade<\/strong> \u2013 Por solicita\u00e7\u00e3o dos aerovi\u00e1rios que possu\u00edam tratamentos ou quaisquer agendamentos no Hospital Moinhos de Vento, o Sindicato negociou e garantiu a manuten\u00e7\u00e3o desses procedimentos. Os trabalhadores devem procurar o RH da empresa.<\/p>\n<p><strong>Nova ger\u00eancia no RH<\/strong> \u2013 Marta Ficagna \u00e9 a nova Gerente de RH da TAP ME BRASIL. O Sindicato espera que a mudan\u00e7a gere uma melhora no atendimento aos trabalhadores e que facilite a tratativa de solicita\u00e7\u00f5es.<\/p>\n<p><strong>Trabalho em Portugal<\/strong> &#8211; Dos 48 trabalhadores que foram aprovados para a \u00faltima etapa de sele\u00e7\u00e3o, apenas 19 candidatos aceitaram a proposta da a\u00e9rea portuguesa em Porto Alegre. Segundo a diretoria da empresa, a proposta ser\u00e1 estendida para a base carioca nos mesmos moldes, inclusive com a cobertura do plano de sa\u00fade para os familiares no per\u00edodo de 6 meses, conquista do Sindicato dos Aerovi\u00e1rios de Porto Alegre.<\/p>\n<p><strong>Proposta de transfer\u00eancia para o Rio de Janeiro<\/strong> \u2013 A TAP ME est\u00e1 oferecendo para os trabalhadores ga\u00fachos a possibilidade de serem transferidos para a base carioca. O Sindicato cobrou mais informa\u00e7\u00f5es sobre os motivos dessas transfer\u00eancias e recebeu da diretoria da empresa como explica\u00e7\u00e3o que a base GIG estaria com d\u00e9ficit de pessoal.<\/p>\n","protected":false},"excerpt":{"rendered":"<p>Desde o come\u00e7o das demiss\u00f5es na TAP ME Porto Alegre, a justificativa da empresa para todo esse processo era que a base n\u00e3o dava lucro. Agora, pelo segundo trimestre consecutivo, a base em que trabalham os aerovi\u00e1rios ga\u00fachos est\u00e1 apresentando resultados positivos. Na reuni\u00e3o da \u00faltima ter\u00e7a-feira (12), a diretoria da TAP ME afirmou que<\/p>\n","protected":false},"author":1,"featured_media":8290,"comment_status":"open","ping_status":"open","sticky":false,"template":"","format":"standard","meta":{"footnotes":""},"categories":[27,31],"tags":[],"class_list":{"0":"post-9310","1":"post","2":"type-post","3":"status-publish","4":"format-standard","5":"has-post-thumbnail","7":"category-geral","8":"category-noticias"},"_links":{"self":[{"href":"https:\/\/aeroviarios.org.br\/index.php\/wp-json\/wp\/v2\/posts\/9310","targetHints":{"allow":["GET"]}}],"collection":[{"href":"https:\/\/aeroviarios.org.br\/index.php\/wp-json\/wp\/v2\/posts"}],"about":[{"href":"https:\/\/aeroviarios.org.br\/index.php\/wp-json\/wp\/v2\/types\/post"}],"author":[{"embeddable":true,"href":"https:\/\/aeroviarios.org.br\/index.php\/wp-json\/wp\/v2\/users\/1"}],"replies":[{"embeddable":true,"href":"https:\/\/aeroviarios.org.br\/index.php\/wp-json\/wp\/v2\/comments?post=9310"}],"version-history":[{"count":0,"href":"https:\/\/aeroviarios.org.br\/index.php\/wp-json\/wp\/v2\/posts\/9310\/revisions"}],"wp:featuredmedia":[{"embeddable":true,"href":"https:\/\/aeroviarios.org.br\/index.php\/wp-json\/"}],"wp:attachment":[{"href":"https:\/\/aeroviarios.org.br\/index.php\/wp-json\/wp\/v2\/media?parent=9310"}],"wp:term":[{"taxonomy":"category","embeddable":true,"href":"https:\/\/aeroviarios.org.br\/index.php\/wp-json\/wp\/v2\/categories?post=9310"},{"taxonomy":"post_tag","embeddable":true,"href":"https:\/\/aeroviarios.org.br\/index.php\/wp-json\/wp\/v2\/tags?post=9310"}],"curies":[{"name":"wp","href":"https:\/\/api.w.org\/{rel}","templated":true}]}}