{"id":8702,"date":"2017-11-14T17:46:06","date_gmt":"2017-11-14T17:46:06","guid":{"rendered":"http:\/\/aeroviarios.org.br\/?p=8702"},"modified":"2017-11-14T17:46:06","modified_gmt":"2017-11-14T17:46:06","slug":"natal-luz-para-os-aposentados","status":"publish","type":"post","link":"https:\/\/aeroviarios.org.br\/index.php\/2017\/11\/14\/natal-luz-para-os-aposentados\/","title":{"rendered":"Natal Luz para os aposentados"},"content":{"rendered":"<p>Os aerovi\u00e1rios aposentados far\u00e3o uma viagem para Gramado, em 6 de dezembro. Os interessados devem ligar para o Sindicato, pelo telefone 51 3343.4302, at\u00e9 25 de novembro, para confirmar a sua inscri\u00e7\u00e3o.<br \/>\nA atividade, organizada pelo grupo de aerovi\u00e1rios aposentados, pretende unir e valorizar esses trabalhadores t\u00e3o importantes para a hist\u00f3ria da avia\u00e7\u00e3o ga\u00facha. Esta \u00e9 mais uma iniciativa do Sindicato, que tamb\u00e9m promover\u00e1 a Festa da Fam\u00edlia Aerovi\u00e1ria, em 16 de dezembro.<br \/>\nOs aposentados poder\u00e3o aproveitar o dia na cidade e ver o acender das luzes do Natal Luz, \u00e0s 20h30. A alimenta\u00e7\u00e3o n\u00e3o ser\u00e1 custeada pelo Sindicato. A excurs\u00e3o sair\u00e1 da sede, \u00e0s 8h30, e o retorno de Gramado ser\u00e1 \u00e0s 21h. Informa\u00e7\u00f5es: \u201cwww.gramadosite.com.br\/natalluz\u201d.<\/p>\n","protected":false},"excerpt":{"rendered":"<p>Os aerovi\u00e1rios aposentados far\u00e3o uma viagem para Gramado, em 6 de dezembro. Os interessados devem ligar para o Sindicato, pelo telefone 51 3343.4302, at\u00e9 25 de novembro, para confirmar a sua inscri\u00e7\u00e3o. A atividade, organizada pelo grupo de aerovi\u00e1rios aposentados, pretende unir e valorizar esses trabalhadores t\u00e3o importantes para a hist\u00f3ria da avia\u00e7\u00e3o ga\u00facha. Esta<\/p>\n","protected":false},"author":1,"featured_media":8703,"comment_status":"open","ping_status":"open","sticky":false,"template":"","format":"standard","meta":{"footnotes":""},"categories":[33,31],"tags":[],"class_list":{"0":"post-8702","1":"post","2":"type-post","3":"status-publish","4":"format-standard","5":"has-post-thumbnail","7":"category-cultura","8":"category-noticias"},"_links":{"self":[{"href":"https:\/\/aeroviarios.org.br\/index.php\/wp-json\/wp\/v2\/posts\/8702","targetHints":{"allow":["GET"]}}],"collection":[{"href":"https:\/\/aeroviarios.org.br\/index.php\/wp-json\/wp\/v2\/posts"}],"about":[{"href":"https:\/\/aeroviarios.org.br\/index.php\/wp-json\/wp\/v2\/types\/post"}],"author":[{"embeddable":true,"href":"https:\/\/aeroviarios.org.br\/index.php\/wp-json\/wp\/v2\/users\/1"}],"replies":[{"embeddable":true,"href":"https:\/\/aeroviarios.org.br\/index.php\/wp-json\/wp\/v2\/comments?post=8702"}],"version-history":[{"count":0,"href":"https:\/\/aeroviarios.org.br\/index.php\/wp-json\/wp\/v2\/posts\/8702\/revisions"}],"wp:featuredmedia":[{"embeddable":true,"href":"https:\/\/aeroviarios.org.br\/index.php\/wp-json\/"}],"wp:attachment":[{"href":"https:\/\/aeroviarios.org.br\/index.php\/wp-json\/wp\/v2\/media?parent=8702"}],"wp:term":[{"taxonomy":"category","embeddable":true,"href":"https:\/\/aeroviarios.org.br\/index.php\/wp-json\/wp\/v2\/categories?post=8702"},{"taxonomy":"post_tag","embeddable":true,"href":"https:\/\/aeroviarios.org.br\/index.php\/wp-json\/wp\/v2\/tags?post=8702"}],"curies":[{"name":"wp","href":"https:\/\/api.w.org\/{rel}","templated":true}]}}