{"id":15443,"date":"2026-04-25T15:55:47","date_gmt":"2026-04-25T18:55:47","guid":{"rendered":"https:\/\/aeroviarios.org.br\/?p=15443"},"modified":"2026-04-25T15:58:14","modified_gmt":"2026-04-25T18:58:14","slug":"assembleia-sobre-cct-para-auxiliares-nesta-quarta-29-e-a-mais-importante-da-historia","status":"publish","type":"post","link":"https:\/\/aeroviarios.org.br\/index.php\/2026\/04\/25\/assembleia-sobre-cct-para-auxiliares-nesta-quarta-29-e-a-mais-importante-da-historia\/","title":{"rendered":"Assembleia sobre CCT para auxiliares nesta quarta (29) \u00e9 a mais importante da hist\u00f3ria"},"content":{"rendered":"\n<p>Carregando um ineditismo hist\u00f3rico e com a decis\u00e3o da categoria como principal protagonista, a assembleia sobre a primeira Conven\u00e7\u00e3o Coletiva de Trabalho (CCT) dos aerovi\u00e1rios das empresas auxiliares vem a\u00ed. Esta \u00e9 a primeira vez que esses trabalhadores e trabalhadoras poder\u00e3o votar para decidir sobre seus direitos.<\/p>\n\n\n\n<p>A vota\u00e7\u00e3o acontecer\u00e1 nesta quarta-feira (29), com primeira chamada \u00e0s 8h e segunda chamada \u00e0s 8h30, em car\u00e1ter continuado, no aeroporto Salgado Filho, e est\u00e1 aberta para a participa\u00e7\u00e3o de todos esses trabalhadores.<\/p>\n\n\n\n<p>Em destaque na proposta, que foi negociada junto ao Sindicato Nacional das Empresas Prestadoras de Servi\u00e7os Auxiliares de Transporte A\u00e9reo (SINEATA), est\u00e1 o reajuste salarial de 4,68%, al\u00e9m da aplica\u00e7\u00e3o desse reajuste nas demais cl\u00e1usulas econ\u00f4micas, como vale-refei\u00e7\u00e3o e alimenta\u00e7\u00e3o.<\/p>\n\n\n\n<p>O Sindicato destaca que essa \u00e9 s\u00f3 a primeira negocia\u00e7\u00e3o conduzida junto aos representantes patronais das empresas auxiliares, e que com muita luta e mobiliza\u00e7\u00e3o, mais avan\u00e7os poder\u00e3o ser conquistados.<\/p>\n\n\n\n<p>Aerovi\u00e1rios que atuam nas empresas auxiliares, participem e convidem seus colegas para participar!<\/p>\n\n\n\n<p>Confira o edital:<\/p>\n\n\n\n<figure class=\"wp-block-image size-full\"><img fetchpriority=\"high\" decoding=\"async\" width=\"603\" height=\"474\" src=\"https:\/\/aeroviarios.org.br\/wp-content\/uploads\/2026\/04\/edital_sineata-v2_page-0001.jpg\" alt=\"\" class=\"wp-image-15447\" srcset=\"https:\/\/aeroviarios.org.br\/wp-content\/uploads\/2026\/04\/edital_sineata-v2_page-0001.jpg 603w, https:\/\/aeroviarios.org.br\/wp-content\/uploads\/2026\/04\/edital_sineata-v2_page-0001-300x236.jpg 300w, https:\/\/aeroviarios.org.br\/wp-content\/uploads\/2026\/04\/edital_sineata-v2_page-0001-150x118.jpg 150w, https:\/\/aeroviarios.org.br\/wp-content\/uploads\/2026\/04\/edital_sineata-v2_page-0001-450x354.jpg 450w\" sizes=\"(max-width: 603px) 100vw, 603px\" \/><\/figure>\n","protected":false},"excerpt":{"rendered":"<p>Carregando um ineditismo hist\u00f3rico e com a decis\u00e3o da categoria como principal protagonista, a assembleia sobre a primeira Conven\u00e7\u00e3o Coletiva de Trabalho (CCT) dos aerovi\u00e1rios das empresas auxiliares vem a\u00ed. Esta \u00e9 a primeira vez que esses trabalhadores e trabalhadoras poder\u00e3o votar para decidir sobre seus direitos. A vota\u00e7\u00e3o acontecer\u00e1 nesta quarta-feira (29), com primeira<\/p>\n","protected":false},"author":4,"featured_media":15445,"comment_status":"closed","ping_status":"open","sticky":false,"template":"","format":"standard","meta":{"footnotes":""},"categories":[43,27],"tags":[99,61],"class_list":{"0":"post-15443","1":"post","2":"type-post","3":"status-publish","4":"format-standard","5":"has-post-thumbnail","7":"category-destaques","8":"category-geral","9":"tag-auxiliares","10":"tag-edital"},"_links":{"self":[{"href":"https:\/\/aeroviarios.org.br\/index.php\/wp-json\/wp\/v2\/posts\/15443","targetHints":{"allow":["GET"]}}],"collection":[{"href":"https:\/\/aeroviarios.org.br\/index.php\/wp-json\/wp\/v2\/posts"}],"about":[{"href":"https:\/\/aeroviarios.org.br\/index.php\/wp-json\/wp\/v2\/types\/post"}],"author":[{"embeddable":true,"href":"https:\/\/aeroviarios.org.br\/index.php\/wp-json\/wp\/v2\/users\/4"}],"replies":[{"embeddable":true,"href":"https:\/\/aeroviarios.org.br\/index.php\/wp-json\/wp\/v2\/comments?post=15443"}],"version-history":[{"count":3,"href":"https:\/\/aeroviarios.org.br\/index.php\/wp-json\/wp\/v2\/posts\/15443\/revisions"}],"predecessor-version":[{"id":15450,"href":"https:\/\/aeroviarios.org.br\/index.php\/wp-json\/wp\/v2\/posts\/15443\/revisions\/15450"}],"wp:featuredmedia":[{"embeddable":true,"href":"https:\/\/aeroviarios.org.br\/index.php\/wp-json\/wp\/v2\/media\/15445"}],"wp:attachment":[{"href":"https:\/\/aeroviarios.org.br\/index.php\/wp-json\/wp\/v2\/media?parent=15443"}],"wp:term":[{"taxonomy":"category","embeddable":true,"href":"https:\/\/aeroviarios.org.br\/index.php\/wp-json\/wp\/v2\/categories?post=15443"},{"taxonomy":"post_tag","embeddable":true,"href":"https:\/\/aeroviarios.org.br\/index.php\/wp-json\/wp\/v2\/tags?post=15443"}],"curies":[{"name":"wp","href":"https:\/\/api.w.org\/{rel}","templated":true}]}}