{"id":11892,"date":"2022-01-13T18:34:59","date_gmt":"2022-01-13T18:34:59","guid":{"rendered":"http:\/\/aeroviarios.org.br\/?p=11892"},"modified":"2022-01-13T18:34:59","modified_gmt":"2022-01-13T18:34:59","slug":"sindicato-reforca-importancia-da-vacinacao-contra-gripe-e-covid-19","status":"publish","type":"post","link":"https:\/\/aeroviarios.org.br\/index.php\/2022\/01\/13\/sindicato-reforca-importancia-da-vacinacao-contra-gripe-e-covid-19\/","title":{"rendered":"Sindicato refor\u00e7a import\u00e2ncia da vacina\u00e7\u00e3o contra gripe e covid-19"},"content":{"rendered":"\n<p>Com a volta dos altos n\u00fameros de infec\u00e7\u00f5es por covid-19 por conta da nova variante \u00f4micron, o Sindicato dos Aerovi\u00e1rios de Porto Alegre torna a lembrar os trabalhadores da import\u00e2ncia da vacina\u00e7\u00e3o.<\/p>\n\n\n\n<p>Para a entidade, n\u00e3o s\u00f3 as duas primeiras doses da vacina como tamb\u00e9m as doses de refor\u00e7o s\u00e3o fundamentais para a prote\u00e7\u00e3o dos trabalhadores. \u201cN\u00e3o somos n\u00f3s que estamos dizendo que a vacina \u00e9 boa e funciona, \u00e9 a ci\u00eancia\u201d, afirma a diretoria do Sindicato.<\/p>\n\n\n\n<p>Outra vacina importante no momento \u00e9 a vacina da gripe, que segundo a Secretaria de Sa\u00fade de Porto Alegre (SMS), protege n\u00e3o s\u00f3 contra a gripe como contra a forma grave da influenza (H3N2).<\/p>\n\n\n\n<p>Al\u00e9m disso, o uso de m\u00e1scara adequada e ajustada ao rosto segue sendo uma das principais formas de preven\u00e7\u00e3o contra v\u00edrus transmitidos pelo ar. Segundo reportagem do site Ga\u00facha ZH, as melhores m\u00e1scaras s\u00e3o do tipo PFF2 ou N95, seguidas pelas m\u00e1scaras cir\u00fargicas de camada tripla.<\/p>\n\n\n\n<p>O Sindicato orienta que os trabalhadores que moram na capital busquem informa\u00e7\u00f5es sobre as vacina\u00e7\u00f5es contra covid-19 e gripe atrav\u00e9s da SMS no telefone 156. Para os trabalhadores que moram em outras cidades, a entidade orienta a procura do \u00f3rg\u00e3o de sa\u00fade local.<\/p>\n\n\n\n<p>\u201cA prote\u00e7\u00e3o, como vem sendo dito desde o come\u00e7o da pandemia, n\u00e3o \u00e9 pelo individual, \u00e9 pelo coletivo. Ent\u00e3o, em respeito ao seu colega aerovi\u00e1rio, se vacine e use a m\u00e1scara adequada\u201d, orienta a dire\u00e7\u00e3o do sindicato.<\/p>\n\n\n\n<figure class=\"wp-block-image size-large\"><img decoding=\"async\" src=\"https:\/\/aeroviarios.org.br\/novo\/wp-content\/uploads\/2022\/01\/Proteja-o-coletivo-1-1024x1024.png\" alt=\"\" class=\"wp-image-11894\"\/><\/figure>\n","protected":false},"excerpt":{"rendered":"<p>Com a volta dos altos n\u00fameros de infec\u00e7\u00f5es por covid-19 por conta da nova variante \u00f4micron, o Sindicato dos Aerovi\u00e1rios de Porto Alegre torna a lembrar os trabalhadores da import\u00e2ncia da vacina\u00e7\u00e3o. Para a entidade, n\u00e3o s\u00f3 as duas primeiras doses da vacina como tamb\u00e9m as doses de refor\u00e7o s\u00e3o fundamentais para a prote\u00e7\u00e3o dos<\/p>\n","protected":false},"author":1,"featured_media":11893,"comment_status":"open","ping_status":"open","sticky":false,"template":"","format":"standard","meta":{"footnotes":""},"categories":[28],"tags":[50,51,52,53,54],"class_list":{"0":"post-11892","1":"post","2":"type-post","3":"status-publish","4":"format-standard","5":"has-post-thumbnail","7":"category-saude","8":"tag-covid-19","9":"tag-gripe","10":"tag-influenza","11":"tag-saude","12":"tag-vacina"},"_links":{"self":[{"href":"https:\/\/aeroviarios.org.br\/index.php\/wp-json\/wp\/v2\/posts\/11892","targetHints":{"allow":["GET"]}}],"collection":[{"href":"https:\/\/aeroviarios.org.br\/index.php\/wp-json\/wp\/v2\/posts"}],"about":[{"href":"https:\/\/aeroviarios.org.br\/index.php\/wp-json\/wp\/v2\/types\/post"}],"author":[{"embeddable":true,"href":"https:\/\/aeroviarios.org.br\/index.php\/wp-json\/wp\/v2\/users\/1"}],"replies":[{"embeddable":true,"href":"https:\/\/aeroviarios.org.br\/index.php\/wp-json\/wp\/v2\/comments?post=11892"}],"version-history":[{"count":0,"href":"https:\/\/aeroviarios.org.br\/index.php\/wp-json\/wp\/v2\/posts\/11892\/revisions"}],"wp:featuredmedia":[{"embeddable":true,"href":"https:\/\/aeroviarios.org.br\/index.php\/wp-json\/"}],"wp:attachment":[{"href":"https:\/\/aeroviarios.org.br\/index.php\/wp-json\/wp\/v2\/media?parent=11892"}],"wp:term":[{"taxonomy":"category","embeddable":true,"href":"https:\/\/aeroviarios.org.br\/index.php\/wp-json\/wp\/v2\/categories?post=11892"},{"taxonomy":"post_tag","embeddable":true,"href":"https:\/\/aeroviarios.org.br\/index.php\/wp-json\/wp\/v2\/tags?post=11892"}],"curies":[{"name":"wp","href":"https:\/\/api.w.org\/{rel}","templated":true}]}}