{"id":10952,"date":"2020-07-20T13:43:36","date_gmt":"2020-07-20T13:43:36","guid":{"rendered":"http:\/\/aeroviarios.org.br\/?p=10952"},"modified":"2020-07-20T13:43:36","modified_gmt":"2020-07-20T13:43:36","slug":"sindicato-promove-nesta-quarta-22-assembleia-sobre-novo-act-da-copa","status":"publish","type":"post","link":"https:\/\/aeroviarios.org.br\/index.php\/2020\/07\/20\/sindicato-promove-nesta-quarta-22-assembleia-sobre-novo-act-da-copa\/","title":{"rendered":"Sindicato promove nesta quarta (22) assembleia sobre novo ACT da Copa"},"content":{"rendered":"\n<p>Editado em 20\/07\/2020 \u00e0s 15h31<\/p>\n\n\n\n<p>Nesta quarta-feira (22), \u00e0s 11h, no Salgado Filho, o Sindicato dos Aerovi\u00e1rios de Porto Alegre promover\u00e1 uma assembleia para aprecia\u00e7\u00e3o do novo Acordo Coletivo de Trabalho (ACT) proposto pela empresa Copa. A nova assembleia se d\u00e1 no momento em que o antigo acordo, firmado em maio deste ano.<\/p>\n\n\n\n<figure class=\"wp-block-image size-large\"><img decoding=\"async\" src=\"https:\/\/aeroviarios.org.br\/novo\/wp-content\/uploads\/2020\/07\/2-edital-COPA-jpeg.jpg\" alt=\"\" class=\"wp-image-10953\"\/><\/figure>\n\n\n\n<p><\/p>\n\n\n\n<p>O novo termo trata-se de uma prorroga\u00e7\u00e3o proposta pela empresa seguindo os moldes do antigo Acordo, encaminhando os trabalhadores para o Benef\u00edcio Emergencial de Manuten\u00e7\u00e3o do Emprego e da Renda (BEm), proposto pelo Governo Federal em sua Medida Provis\u00f3ria (MP) 936, onde as horas trabalhadas os sal\u00e1rios podem ser cortados em at\u00e9 70%, mas ganham reposi\u00e7\u00e3o parcial por parte do Estado.<\/p>\n\n\n\n<p>Outras cl\u00e1usulas deste Acordo ainda preveem o vale-transporte e o vale-refei\u00e7\u00e3o integrais nos dias trabalhadores, assim como a manuten\u00e7\u00e3o do vale-alimenta\u00e7\u00e3o e do plano de sa\u00fade para os trabalhadores que j\u00e1 os recebem.<\/p>\n\n\n\n<p>O novo ACT, caso aprovado, valer\u00e1 at\u00e9 31 de dezembro de 2020. A entidade afirma que a assembleia se dar\u00e1 respeitando as regras de distanciamento social, com o uso de m\u00e1scaras e \u00e1lcool gel por parte dos diretores.<\/p>\n\n\n\n<div class=\"wp-block-file\"><a href=\"https:\/\/aeroviarios.org.br\/novo\/wp-content\/uploads\/2020\/07\/2020_ACT_COVID19_COPA.pdf\">Confira a \u00edntegra da proposta clicando aqui.<\/a><a href=\"https:\/\/aeroviarios.org.br\/novo\/wp-content\/uploads\/2020\/07\/2020_ACT_COVID19_COPA.pdf\" class=\"wp-block-file__button\" download>Baixar<\/a><\/div>\n\n\n\n<p><\/p>\n\n\n\n<figure class=\"wp-block-image size-large\"><img decoding=\"async\" src=\"https:\/\/aeroviarios.org.br\/novo\/wp-content\/uploads\/2020\/07\/C%C3%B3pia-de-C%C3%B3pia-de-C%C3%B3pia-de-C%C3%B3pia-de-Adicionar-um-t%C3%ADtulo-2.png\" alt=\"\" class=\"wp-image-10955\"\/><\/figure>\n\n\n\n<p><\/p>\n","protected":false},"excerpt":{"rendered":"<p>Editado em 20\/07\/2020 \u00e0s 15h31 Nesta quarta-feira (22), \u00e0s 11h, no Salgado Filho, o Sindicato dos Aerovi\u00e1rios de Porto Alegre promover\u00e1 uma assembleia para aprecia\u00e7\u00e3o do novo Acordo Coletivo de Trabalho (ACT) proposto pela empresa Copa. A nova assembleia se d\u00e1 no momento em que o antigo acordo, firmado em maio deste ano. O novo<\/p>\n","protected":false},"author":1,"featured_media":10956,"comment_status":"open","ping_status":"open","sticky":false,"template":"","format":"standard","meta":{"footnotes":""},"categories":[27],"tags":[],"class_list":{"0":"post-10952","1":"post","2":"type-post","3":"status-publish","4":"format-standard","5":"has-post-thumbnail","7":"category-geral"},"_links":{"self":[{"href":"https:\/\/aeroviarios.org.br\/index.php\/wp-json\/wp\/v2\/posts\/10952","targetHints":{"allow":["GET"]}}],"collection":[{"href":"https:\/\/aeroviarios.org.br\/index.php\/wp-json\/wp\/v2\/posts"}],"about":[{"href":"https:\/\/aeroviarios.org.br\/index.php\/wp-json\/wp\/v2\/types\/post"}],"author":[{"embeddable":true,"href":"https:\/\/aeroviarios.org.br\/index.php\/wp-json\/wp\/v2\/users\/1"}],"replies":[{"embeddable":true,"href":"https:\/\/aeroviarios.org.br\/index.php\/wp-json\/wp\/v2\/comments?post=10952"}],"version-history":[{"count":0,"href":"https:\/\/aeroviarios.org.br\/index.php\/wp-json\/wp\/v2\/posts\/10952\/revisions"}],"wp:featuredmedia":[{"embeddable":true,"href":"https:\/\/aeroviarios.org.br\/index.php\/wp-json\/"}],"wp:attachment":[{"href":"https:\/\/aeroviarios.org.br\/index.php\/wp-json\/wp\/v2\/media?parent=10952"}],"wp:term":[{"taxonomy":"category","embeddable":true,"href":"https:\/\/aeroviarios.org.br\/index.php\/wp-json\/wp\/v2\/categories?post=10952"},{"taxonomy":"post_tag","embeddable":true,"href":"https:\/\/aeroviarios.org.br\/index.php\/wp-json\/wp\/v2\/tags?post=10952"}],"curies":[{"name":"wp","href":"https:\/\/api.w.org\/{rel}","templated":true}]}}