{"id":10945,"date":"2020-07-15T19:11:43","date_gmt":"2020-07-15T19:11:43","guid":{"rendered":"http:\/\/aeroviarios.org.br\/?p=10945"},"modified":"2020-07-15T19:11:43","modified_gmt":"2020-07-15T19:11:43","slug":"aerea-total-propoe-novo-act-aos-trabalhadores-assembleia-sera-na-segunda-20","status":"publish","type":"post","link":"https:\/\/aeroviarios.org.br\/index.php\/2020\/07\/15\/aerea-total-propoe-novo-act-aos-trabalhadores-assembleia-sera-na-segunda-20\/","title":{"rendered":"A\u00e9rea Total prop\u00f5e novo ACT aos trabalhadores; assembleia ser\u00e1 na segunda (20)"},"content":{"rendered":"\n<p><em>Editado em 20\/07\/2020 \u00e0s 15h25<\/em><\/p>\n\n\n\n<p>Seguindo diversas outras a\u00e9reas como Gol, Latam e Azul, a Total tamb\u00e9m buscou o Sindicato dos Aerovi\u00e1rios de Porto Alegre para formalizar um Acordo Coletivo de Trabalho (ACT) para o per\u00edodo de pandemia do novo coronav\u00edrus (COVID-19).<\/p>\n\n\n\n<p><\/p>\n\n\n\n<figure class=\"wp-block-image size-large\"><img decoding=\"async\" src=\"https:\/\/aeroviarios.org.br\/novo\/wp-content\/uploads\/2020\/07\/2-edital-Total-jpeg.jpg\" alt=\"\" class=\"wp-image-10948\"\/><\/figure>\n\n\n\n<p>No caso da empresa, diferentemente de outras propostas, est\u00e1 prevista somente uma redu\u00e7\u00e3o de horas trabalhadas com redu\u00e7\u00e3o proporcional da remunera\u00e7\u00e3o, n\u00e3o havendo Plano de Demiss\u00e3o Volunt\u00e1ria (PDV) ou Plano de Aposentadoria Incentivada (PAI), por exemplo. Al\u00e9m dessas redu\u00e7\u00f5es, tamb\u00e9m est\u00e1 prevista a manuten\u00e7\u00e3o total dos direitos trabalhistas.<\/p>\n\n\n\n<p>Para a aprecia\u00e7\u00e3o da proposta por parte dos trabalhadores, o Sindicato realizar\u00e1 uma assembleia na sede do Sindicato, na Rua Augusto Severo, 82, no Bairro S\u00e3o Jo\u00e3o, \u00e0s 13h. A entidade afirma que o encontro respeitar\u00e1 as regras do distanciamento social e acontecer\u00e1 em um espa\u00e7o amplo para que n\u00e3o haja aglomera\u00e7\u00e3o.<\/p>\n\n\n\n<div class=\"wp-block-file\"><a href=\"https:\/\/aeroviarios.org.br\/novo\/wp-content\/uploads\/2020\/07\/ACT-TOTAL-2020.pdf\">Confira a \u00edntegra do texto clicando aqui.<\/a><a href=\"https:\/\/aeroviarios.org.br\/novo\/wp-content\/uploads\/2020\/07\/ACT-TOTAL-2020.pdf\" class=\"wp-block-file__button\" download>Baixar<\/a><\/div>\n\n\n\n<p><\/p>\n\n\n\n<figure class=\"wp-block-image size-large\"><img decoding=\"async\" src=\"https:\/\/aeroviarios.org.br\/novo\/wp-content\/uploads\/2020\/07\/C%C3%B3pia-de-Novo-ACT-da-Gol-2.png\" alt=\"\" class=\"wp-image-10947\"\/><\/figure>\n\n\n\n<p><\/p>\n","protected":false},"excerpt":{"rendered":"<p>Editado em 20\/07\/2020 \u00e0s 15h25 Seguindo diversas outras a\u00e9reas como Gol, Latam e Azul, a Total tamb\u00e9m buscou o Sindicato dos Aerovi\u00e1rios de Porto Alegre para formalizar um Acordo Coletivo de Trabalho (ACT) para o per\u00edodo de pandemia do novo coronav\u00edrus (COVID-19). No caso da empresa, diferentemente de outras propostas, est\u00e1 prevista somente uma redu\u00e7\u00e3o<\/p>\n","protected":false},"author":1,"featured_media":10949,"comment_status":"open","ping_status":"open","sticky":false,"template":"","format":"standard","meta":{"footnotes":""},"categories":[27],"tags":[],"class_list":{"0":"post-10945","1":"post","2":"type-post","3":"status-publish","4":"format-standard","5":"has-post-thumbnail","7":"category-geral"},"_links":{"self":[{"href":"https:\/\/aeroviarios.org.br\/index.php\/wp-json\/wp\/v2\/posts\/10945","targetHints":{"allow":["GET"]}}],"collection":[{"href":"https:\/\/aeroviarios.org.br\/index.php\/wp-json\/wp\/v2\/posts"}],"about":[{"href":"https:\/\/aeroviarios.org.br\/index.php\/wp-json\/wp\/v2\/types\/post"}],"author":[{"embeddable":true,"href":"https:\/\/aeroviarios.org.br\/index.php\/wp-json\/wp\/v2\/users\/1"}],"replies":[{"embeddable":true,"href":"https:\/\/aeroviarios.org.br\/index.php\/wp-json\/wp\/v2\/comments?post=10945"}],"version-history":[{"count":0,"href":"https:\/\/aeroviarios.org.br\/index.php\/wp-json\/wp\/v2\/posts\/10945\/revisions"}],"wp:featuredmedia":[{"embeddable":true,"href":"https:\/\/aeroviarios.org.br\/index.php\/wp-json\/"}],"wp:attachment":[{"href":"https:\/\/aeroviarios.org.br\/index.php\/wp-json\/wp\/v2\/media?parent=10945"}],"wp:term":[{"taxonomy":"category","embeddable":true,"href":"https:\/\/aeroviarios.org.br\/index.php\/wp-json\/wp\/v2\/categories?post=10945"},{"taxonomy":"post_tag","embeddable":true,"href":"https:\/\/aeroviarios.org.br\/index.php\/wp-json\/wp\/v2\/tags?post=10945"}],"curies":[{"name":"wp","href":"https:\/\/api.w.org\/{rel}","templated":true}]}}