{"id":10906,"date":"2020-07-06T20:42:59","date_gmt":"2020-07-06T20:42:59","guid":{"rendered":"http:\/\/aeroviarios.org.br\/?p=10906"},"modified":"2020-07-06T20:42:59","modified_gmt":"2020-07-06T20:42:59","slug":"sindicato-lanca-classificados-aeroviarios","status":"publish","type":"post","link":"https:\/\/aeroviarios.org.br\/index.php\/2020\/07\/06\/sindicato-lanca-classificados-aeroviarios\/","title":{"rendered":"Sindicato lan\u00e7a Classificados Aerovi\u00e1rios"},"content":{"rendered":"<p>O Sindicato dos Aerovi\u00e1rios de Porto Alegre comunica que a partir de hoje est\u00e1 disponibilizando para a categoria um espa\u00e7o no seu site, Instagram e Facebook, totalmente gratuito, para a divulga\u00e7\u00e3o e venda de produtos e servi\u00e7os. Desde j\u00e1, a entidade declara que n\u00e3o tem nenhuma responsabilidade quanto as transa\u00e7\u00f5es a serem efetivadas.<\/p>\n<p>Para anunciar, os aerovi\u00e1rios dever\u00e3o encaminhar e-mail para o assessoriaaeroviarios@gmail.com contendo as seguintes informa\u00e7\u00f5es:<br \/>\n&#8211; nome do produto ou servi\u00e7o;<br \/>\n&#8211; valores;<br \/>\n&#8211; telefone para contato;<br \/>\n&#8211; descri\u00e7\u00e3o de no m\u00e1ximo 240 caracteres;<br \/>\n&#8211; duas fotos no formato 800&#215;800.<\/p>\n<p>Os Classificados Aerovi\u00e1rios ser\u00e3o atualizados semanalmente nas segundas-feiras e n\u00e3o ser\u00e3o automaticamente renovados, portanto os aerovi\u00e1rios que quiserem recolocar seus produtos e servi\u00e7os na p\u00e1gina dever\u00e3o enviar um novo e-mail.<\/p>\n<p>Essa \u00e9 uma iniciativa do Sindicato para auxiliar a categoria neste momento dif\u00edcil dada a pandemia do novo coronav\u00edrus (COVID-19). A entidade espera que com a medida os trabalhadores possam obter uma renda secund\u00e1ria durante o per\u00edodo de conting\u00eancia de voos, de redu\u00e7\u00e3o de sal\u00e1rios e demiss\u00f5es que estamos vivendo.<\/p>\n","protected":false},"excerpt":{"rendered":"<p>O Sindicato dos Aerovi\u00e1rios de Porto Alegre comunica que a partir de hoje est\u00e1 disponibilizando para a categoria um espa\u00e7o no seu site, Instagram e Facebook, totalmente gratuito, para a divulga\u00e7\u00e3o e venda de produtos e servi\u00e7os. Desde j\u00e1, a entidade declara que n\u00e3o tem nenhuma responsabilidade quanto as transa\u00e7\u00f5es a serem efetivadas. Para anunciar,<\/p>\n","protected":false},"author":1,"featured_media":10903,"comment_status":"open","ping_status":"open","sticky":false,"template":"","format":"standard","meta":{"footnotes":""},"categories":[27,31],"tags":[],"class_list":{"0":"post-10906","1":"post","2":"type-post","3":"status-publish","4":"format-standard","5":"has-post-thumbnail","7":"category-geral","8":"category-noticias"},"_links":{"self":[{"href":"https:\/\/aeroviarios.org.br\/index.php\/wp-json\/wp\/v2\/posts\/10906","targetHints":{"allow":["GET"]}}],"collection":[{"href":"https:\/\/aeroviarios.org.br\/index.php\/wp-json\/wp\/v2\/posts"}],"about":[{"href":"https:\/\/aeroviarios.org.br\/index.php\/wp-json\/wp\/v2\/types\/post"}],"author":[{"embeddable":true,"href":"https:\/\/aeroviarios.org.br\/index.php\/wp-json\/wp\/v2\/users\/1"}],"replies":[{"embeddable":true,"href":"https:\/\/aeroviarios.org.br\/index.php\/wp-json\/wp\/v2\/comments?post=10906"}],"version-history":[{"count":0,"href":"https:\/\/aeroviarios.org.br\/index.php\/wp-json\/wp\/v2\/posts\/10906\/revisions"}],"wp:featuredmedia":[{"embeddable":true,"href":"https:\/\/aeroviarios.org.br\/index.php\/wp-json\/"}],"wp:attachment":[{"href":"https:\/\/aeroviarios.org.br\/index.php\/wp-json\/wp\/v2\/media?parent=10906"}],"wp:term":[{"taxonomy":"category","embeddable":true,"href":"https:\/\/aeroviarios.org.br\/index.php\/wp-json\/wp\/v2\/categories?post=10906"},{"taxonomy":"post_tag","embeddable":true,"href":"https:\/\/aeroviarios.org.br\/index.php\/wp-json\/wp\/v2\/tags?post=10906"}],"curies":[{"name":"wp","href":"https:\/\/api.w.org\/{rel}","templated":true}]}}