{"id":10895,"date":"2020-07-03T20:18:10","date_gmt":"2020-07-03T20:18:10","guid":{"rendered":"http:\/\/aeroviarios.org.br\/?p=10895"},"modified":"2020-07-03T20:18:10","modified_gmt":"2020-07-03T20:18:10","slug":"novo-lote-de-ppps-da-tap-me-estao-disponiveis-para-retirada-com-agendamento","status":"publish","type":"post","link":"https:\/\/aeroviarios.org.br\/index.php\/2020\/07\/03\/novo-lote-de-ppps-da-tap-me-estao-disponiveis-para-retirada-com-agendamento\/","title":{"rendered":"Novo lote de PPPs da TAP ME est\u00e1 dispon\u00edvel para retirada com agendamento"},"content":{"rendered":"<p>O Sindicato dos Aerovi\u00e1rios de Porto Alegre recebeu mais um lote de Perfis Profissiogr\u00e1ficos Profssionais (PPPs) nesta semana. Al\u00e9m desses novos documentos, remanescentes de outros lotes ainda est\u00e3o dispon\u00edveis na sede da entidade.<\/p>\n<p>Dada a pandemia do novo coronav\u00edrus (COVID-19), o procedimento para retirada desses documentos sofreu altera\u00e7\u00f5es. Os aerovi\u00e1rios que tiverem interesse em obter o seu PPP devem entra em contato com a entidade atrav\u00e9s do telefone (51) 98162-9721 e agendar um atendimento na sede.<\/p>\n<p>O Sindicato informa que este modelo de atendimento est\u00e1 de acordo com o \u00faltimo decreto da Prefeitura Municipal de Porto Alegre e que o agendamento faz parte das precau\u00e7\u00f5es para evitar aglomera\u00e7\u00f5es na sede sindical.<\/p>\n<p>Confira a listagem de aerovi\u00e1rios que possuem PPP dispon\u00edvel:<\/p>\n<h3>Novo Lote:<\/h3>\n<p>Alexandre Araujo<\/p>\n<p>Alexsandro da Silva Brito<\/p>\n<p>Alonso Toledo Koenig<\/p>\n<p>Bruno Langer<\/p>\n<p>Cesar Leandro Oliveira de Avila<\/p>\n<p>Daniel Fernandes Vieira<\/p>\n<p>Denis Marcelo Bazzoti<\/p>\n<p>Diego Renato Silva dos Santos<\/p>\n<p>Edison Carlos Correa Martins<\/p>\n<p>Erlon Van Lau de Azevedo<\/p>\n<p>Fabio Daniel da Costa Donato<\/p>\n<p>Fernando Assis<\/p>\n<p>Frederico Pietzsch Seitenfus<\/p>\n<p>Gerson Luiz Souza da Silva<\/p>\n<p>Jaime de Souza<\/p>\n<p>Jason Tadeval Lape<\/p>\n<p>Jose Ricardo Centeno Quevedo<\/p>\n<p>Julio Todeschini Merlo<\/p>\n<p>Luiz Fernando da Silva Machado<\/p>\n<p>Luiz Paulo Bitencourt Madrid<\/p>\n<p>Marco Andre Lenhart da Rosa<\/p>\n<p>Marco Luis Nunes Oliveira<\/p>\n<p>Rafael Inocente<\/p>\n<p>Robeto Langaro Neto<\/p>\n<p>Sergio Omar Roque Gleite<\/p>\n<p>Tatiana Portilio da Silva<\/p>\n<p>Vanderlei Rodrigues da Porciuncula<\/p>\n<p>Vilson dos Santos Farias<\/p>\n<p>Werner Kannenberg Junior<\/p>\n<h3>Ainda dispon\u00edveis no Sindicato:<\/h3>\n<p>Adriana Pasquali Leal<\/p>\n<p>Airton Osni de Souza<\/p>\n<p>Alex Carlos Larrosa<\/p>\n<p>Alex Sandro de Farias<\/p>\n<p>Alex Santos de Lira<\/p>\n<p>Anderson Correa Gouvea<\/p>\n<p>Andre Luiz Nunes Marinho<\/p>\n<p>Andre Santos de Souza<\/p>\n<p>Antonio Cesar Rita da Silva<\/p>\n<p>Antonio Flavio Santos<\/p>\n<p>Arilton Correa<\/p>\n<p>Aurelio Neto Steinbach<\/p>\n<p>Brigida Gargioni<\/p>\n<p>Bruno Moraes dos Santos<\/p>\n<p>Cesar Leandro Oliveira de Avila<\/p>\n<p>Cristian Muller<\/p>\n<p>David Edison Silva Garcia<\/p>\n<p>Denes Carlo Vieira<\/p>\n<p>Douglas Willian Moraes Freitas<\/p>\n<p>Edmilson Cardoso dos Santos<\/p>\n<p>Edson Duarte de Santana<\/p>\n<p>Eduardo de Oliveira Frreira<\/p>\n<p>Eduardo Schneider<\/p>\n<p>Emerson Roger Portal Lopes<\/p>\n<p>Euler Bragagnollo da Silva<\/p>\n<p>Everton Garcia Ferreira<\/p>\n<p>Fabiano Rodrigo Castagnetti Braga (03)<\/p>\n<p>Felipe Barbosa Freitas<\/p>\n<p>Felipe Menezes Rodrigues<\/p>\n<p>Flavio Malheiros Rodrigues<\/p>\n<p>Flavio Pedrosa da Silva<\/p>\n<p>Giovane da Silveira<\/p>\n<p>Jean Ambieda da Silva<\/p>\n<p>Joao Pablo Joaquim Silveira<\/p>\n<p>Jonas Fabiano Goetz<\/p>\n<p>Leandro Kohlman Marin<\/p>\n<p>Leonardo Vargas da Silva<\/p>\n<p>Luciano Augusto Castagnetti Braga<\/p>\n<p>Luciano Souza da Silva<\/p>\n<p>Maicon de Azevedo da Silva<\/p>\n<p>Marciel Rdrogio Zanellato<\/p>\n<p>Matheus Mederiso Sorrentino<\/p>\n<p>Maur\u00edcio Velho Ramos<\/p>\n<p>Michael Surtica de Freitas<\/p>\n<p>Pedro Ungaretti Holsbach<\/p>\n<p>Rafael da Lima Santos<\/p>\n<p>Rafel Schreiber<\/p>\n<p>Ricardo Gattini<\/p>\n<p>Rodrigo Gregis da Silva<\/p>\n<p>Samuel Silveira Ramos<br \/>\nSilvio Luan Ballico Siqueira Gon\u00e7alves<\/p>\n<p>Viviane Cristina da Rosa<\/p>\n<p>Vladimir Adriano Carmona da Silva<\/p>\n","protected":false},"excerpt":{"rendered":"<p>O Sindicato dos Aerovi\u00e1rios de Porto Alegre recebeu mais um lote de Perfis Profissiogr\u00e1ficos Profssionais (PPPs) nesta semana. Al\u00e9m desses novos documentos, remanescentes de outros lotes ainda est\u00e3o dispon\u00edveis na sede da entidade. Dada a pandemia do novo coronav\u00edrus (COVID-19), o procedimento para retirada desses documentos sofreu altera\u00e7\u00f5es. Os aerovi\u00e1rios que tiverem interesse em obter<\/p>\n","protected":false},"author":1,"featured_media":10896,"comment_status":"open","ping_status":"open","sticky":false,"template":"","format":"standard","meta":{"footnotes":""},"categories":[41],"tags":[],"class_list":{"0":"post-10895","1":"post","2":"type-post","3":"status-publish","4":"format-standard","5":"has-post-thumbnail","7":"category-uncategorized"},"_links":{"self":[{"href":"https:\/\/aeroviarios.org.br\/index.php\/wp-json\/wp\/v2\/posts\/10895","targetHints":{"allow":["GET"]}}],"collection":[{"href":"https:\/\/aeroviarios.org.br\/index.php\/wp-json\/wp\/v2\/posts"}],"about":[{"href":"https:\/\/aeroviarios.org.br\/index.php\/wp-json\/wp\/v2\/types\/post"}],"author":[{"embeddable":true,"href":"https:\/\/aeroviarios.org.br\/index.php\/wp-json\/wp\/v2\/users\/1"}],"replies":[{"embeddable":true,"href":"https:\/\/aeroviarios.org.br\/index.php\/wp-json\/wp\/v2\/comments?post=10895"}],"version-history":[{"count":0,"href":"https:\/\/aeroviarios.org.br\/index.php\/wp-json\/wp\/v2\/posts\/10895\/revisions"}],"wp:featuredmedia":[{"embeddable":true,"href":"https:\/\/aeroviarios.org.br\/index.php\/wp-json\/"}],"wp:attachment":[{"href":"https:\/\/aeroviarios.org.br\/index.php\/wp-json\/wp\/v2\/media?parent=10895"}],"wp:term":[{"taxonomy":"category","embeddable":true,"href":"https:\/\/aeroviarios.org.br\/index.php\/wp-json\/wp\/v2\/categories?post=10895"},{"taxonomy":"post_tag","embeddable":true,"href":"https:\/\/aeroviarios.org.br\/index.php\/wp-json\/wp\/v2\/tags?post=10895"}],"curies":[{"name":"wp","href":"https:\/\/api.w.org\/{rel}","templated":true}]}}