{"id":10892,"date":"2020-07-03T19:16:20","date_gmt":"2020-07-03T19:16:20","guid":{"rendered":"http:\/\/aeroviarios.org.br\/?p=10892"},"modified":"2020-07-03T19:16:20","modified_gmt":"2020-07-03T19:16:20","slug":"informe-juridico-trabalhadores-da-valver-devem-contatar-o-sindicato","status":"publish","type":"post","link":"https:\/\/aeroviarios.org.br\/index.php\/2020\/07\/03\/informe-juridico-trabalhadores-da-valver-devem-contatar-o-sindicato\/","title":{"rendered":"Informe Jur\u00eddico: Trabalhadores da Valver devem contatar o Sindicato"},"content":{"rendered":"<p>Os aerovi\u00e1rios listados abaixo devem entrar urgentemente em contato com o Sindicato dos Aerovi\u00e1rios de Porto Alegre para tratar de a\u00e7\u00e3o judicial. Em decorr\u00eancia da abertura restrita da sede dada a epidemia do novo coronav\u00edrus (COVID-19), os aerovi\u00e1rios dever\u00e3o agendar atendimento atrav\u00e9s do telefone (51) 98162-9721.<\/p>\n<p>O Sindicato informa que este modelo de atendimento est\u00e1 de acordo com o \u00faltimo decreto da Prefeitura Municipal de Porto Alegre e que o agendamento faz parte das precau\u00e7\u00f5es para evitar aglomera\u00e7\u00f5es na sede sindical.<\/p>\n<p>Confira a listagem dos trabalhadores abaixo:<\/p>\n<p><strong>Valver<\/strong><br \/>\nAlexandre dos Santos Ott<br \/>\nAndre Luis Nunes Godoy<br \/>\nElvonir Batista da Silveira<br \/>\nJones Piva da Silva<br \/>\nJorge Eduardo Mensemburgue<br \/>\nMarco Orlando Damiani de Lima<br \/>\nPaulo Ricardo Sgarbossa<br \/>\nPaulo Roberto Kalkmann Pizzio<br \/>\nSidnei Severo<br \/>\nVagner Fernandes Pereira<\/p>\n","protected":false},"excerpt":{"rendered":"<p>Os aerovi\u00e1rios listados abaixo devem entrar urgentemente em contato com o Sindicato dos Aerovi\u00e1rios de Porto Alegre para tratar de a\u00e7\u00e3o judicial. Em decorr\u00eancia da abertura restrita da sede dada a epidemia do novo coronav\u00edrus (COVID-19), os aerovi\u00e1rios dever\u00e3o agendar atendimento atrav\u00e9s do telefone (51) 98162-9721. O Sindicato informa que este modelo de atendimento est\u00e1<\/p>\n","protected":false},"author":1,"featured_media":10893,"comment_status":"open","ping_status":"open","sticky":false,"template":"","format":"standard","meta":{"footnotes":""},"categories":[29,31],"tags":[],"class_list":{"0":"post-10892","1":"post","2":"type-post","3":"status-publish","4":"format-standard","5":"has-post-thumbnail","7":"category-juridico","8":"category-noticias"},"_links":{"self":[{"href":"https:\/\/aeroviarios.org.br\/index.php\/wp-json\/wp\/v2\/posts\/10892","targetHints":{"allow":["GET"]}}],"collection":[{"href":"https:\/\/aeroviarios.org.br\/index.php\/wp-json\/wp\/v2\/posts"}],"about":[{"href":"https:\/\/aeroviarios.org.br\/index.php\/wp-json\/wp\/v2\/types\/post"}],"author":[{"embeddable":true,"href":"https:\/\/aeroviarios.org.br\/index.php\/wp-json\/wp\/v2\/users\/1"}],"replies":[{"embeddable":true,"href":"https:\/\/aeroviarios.org.br\/index.php\/wp-json\/wp\/v2\/comments?post=10892"}],"version-history":[{"count":0,"href":"https:\/\/aeroviarios.org.br\/index.php\/wp-json\/wp\/v2\/posts\/10892\/revisions"}],"wp:featuredmedia":[{"embeddable":true,"href":"https:\/\/aeroviarios.org.br\/index.php\/wp-json\/"}],"wp:attachment":[{"href":"https:\/\/aeroviarios.org.br\/index.php\/wp-json\/wp\/v2\/media?parent=10892"}],"wp:term":[{"taxonomy":"category","embeddable":true,"href":"https:\/\/aeroviarios.org.br\/index.php\/wp-json\/wp\/v2\/categories?post=10892"},{"taxonomy":"post_tag","embeddable":true,"href":"https:\/\/aeroviarios.org.br\/index.php\/wp-json\/wp\/v2\/tags?post=10892"}],"curies":[{"name":"wp","href":"https:\/\/api.w.org\/{rel}","templated":true}]}}