{"id":10877,"date":"2020-06-29T22:32:19","date_gmt":"2020-06-29T22:32:19","guid":{"rendered":"http:\/\/aeroviarios.org.br\/?p=10877"},"modified":"2020-06-29T22:32:19","modified_gmt":"2020-06-29T22:32:19","slug":"aeroviarios-da-gol-aprovam-proposta-de-act","status":"publish","type":"post","link":"https:\/\/aeroviarios.org.br\/index.php\/2020\/06\/29\/aeroviarios-da-gol-aprovam-proposta-de-act\/","title":{"rendered":"Aerovi\u00e1rios da Gol aprovam proposta de ACT"},"content":{"rendered":"<p>Em assembleia\u00a0realizada pelo Sindicato dos Aerovi\u00e1rios de Porto Alegre na manh\u00e3 desta segunda-feira (29), os trabalhadores aprovaram a proposta de Acordo Coletivo de Trabalho (ACT) colocada pela Gol. Ao todo, 180 aerovi\u00e1rios participaram da vota\u00e7\u00e3o, sendo 79% favor\u00e1veis e 21% contr\u00e1rios a proposta apresentada pela empresa.<\/p>\n<p>O Sindicato afirma que, no entendimento da entidade, o maior avan\u00e7o dos trabalhadores no texto aprovado foi a retirada da quita\u00e7\u00e3o dos contratos de trabalho para os que optarem pelo Plano de Demiss\u00e3o Volunt\u00e1ria (PDV). &#8220;Os trabalhadores podem ent\u00e3o buscar na justi\u00e7a pelos seus direitos e tamb\u00e9m continuar com a\u00e7\u00f5es que j\u00e1 est\u00e3o tramitando, o que n\u00e3o seria poss\u00edvel caso houvesse a quita\u00e7\u00e3o&#8221;, afirmam os diretores da entidade.<\/p>\n<p>Com a aprova\u00e7\u00e3o do ACT da Gol, a empresa se junta a Latam, Azul e Aerol\u00edneas Argentinas no conjunto de empresas que propuseram um segundo Acordo neste per\u00edodo de pandemia do novo coronav\u00edrus (COVID-19).<\/p>\n<p>Confira fotos da assembleia:<\/p>\n<p><a href=\"https:\/\/aeroviarios.org.br\/novo\/wp-content\/uploads\/2020\/06\/WhatsApp-Image-2020-06-29-at-09.39.13.jpeg\"><img fetchpriority=\"high\" decoding=\"async\" class=\"alignnone size-large wp-image-10880\" src=\"https:\/\/aeroviarios.org.br\/novo\/wp-content\/uploads\/2020\/06\/WhatsApp-Image-2020-06-29-at-09.39.13-1024x576.jpeg\" alt=\"\" width=\"702\" height=\"395\" \/><\/a> <a href=\"https:\/\/aeroviarios.org.br\/novo\/wp-content\/uploads\/2020\/06\/WhatsApp-Image-2020-06-29-at-09.39.11.jpeg\"><img decoding=\"async\" class=\"alignnone size-large wp-image-10881\" src=\"https:\/\/aeroviarios.org.br\/novo\/wp-content\/uploads\/2020\/06\/WhatsApp-Image-2020-06-29-at-09.39.11-1024x576.jpeg\" alt=\"\" width=\"702\" height=\"395\" \/><\/a> <a href=\"https:\/\/aeroviarios.org.br\/novo\/wp-content\/uploads\/2020\/06\/WhatsApp-Image-2020-06-29-at-09.42.48.jpeg\"><img decoding=\"async\" class=\"alignnone size-large wp-image-10883\" src=\"https:\/\/aeroviarios.org.br\/novo\/wp-content\/uploads\/2020\/06\/WhatsApp-Image-2020-06-29-at-09.42.48-1024x576.jpeg\" alt=\"\" width=\"702\" height=\"395\" \/><\/a><\/p>\n","protected":false},"excerpt":{"rendered":"<p>Em assembleia\u00a0realizada pelo Sindicato dos Aerovi\u00e1rios de Porto Alegre na manh\u00e3 desta segunda-feira (29), os trabalhadores aprovaram a proposta de Acordo Coletivo de Trabalho (ACT) colocada pela Gol. Ao todo, 180 aerovi\u00e1rios participaram da vota\u00e7\u00e3o, sendo 79% favor\u00e1veis e 21% contr\u00e1rios a proposta apresentada pela empresa. O Sindicato afirma que, no entendimento da entidade, o<\/p>\n","protected":false},"author":1,"featured_media":10878,"comment_status":"open","ping_status":"open","sticky":false,"template":"","format":"standard","meta":{"footnotes":""},"categories":[27,31],"tags":[],"class_list":{"0":"post-10877","1":"post","2":"type-post","3":"status-publish","4":"format-standard","5":"has-post-thumbnail","7":"category-geral","8":"category-noticias"},"_links":{"self":[{"href":"https:\/\/aeroviarios.org.br\/index.php\/wp-json\/wp\/v2\/posts\/10877","targetHints":{"allow":["GET"]}}],"collection":[{"href":"https:\/\/aeroviarios.org.br\/index.php\/wp-json\/wp\/v2\/posts"}],"about":[{"href":"https:\/\/aeroviarios.org.br\/index.php\/wp-json\/wp\/v2\/types\/post"}],"author":[{"embeddable":true,"href":"https:\/\/aeroviarios.org.br\/index.php\/wp-json\/wp\/v2\/users\/1"}],"replies":[{"embeddable":true,"href":"https:\/\/aeroviarios.org.br\/index.php\/wp-json\/wp\/v2\/comments?post=10877"}],"version-history":[{"count":0,"href":"https:\/\/aeroviarios.org.br\/index.php\/wp-json\/wp\/v2\/posts\/10877\/revisions"}],"wp:featuredmedia":[{"embeddable":true,"href":"https:\/\/aeroviarios.org.br\/index.php\/wp-json\/"}],"wp:attachment":[{"href":"https:\/\/aeroviarios.org.br\/index.php\/wp-json\/wp\/v2\/media?parent=10877"}],"wp:term":[{"taxonomy":"category","embeddable":true,"href":"https:\/\/aeroviarios.org.br\/index.php\/wp-json\/wp\/v2\/categories?post=10877"},{"taxonomy":"post_tag","embeddable":true,"href":"https:\/\/aeroviarios.org.br\/index.php\/wp-json\/wp\/v2\/tags?post=10877"}],"curies":[{"name":"wp","href":"https:\/\/api.w.org\/{rel}","templated":true}]}}