{"id":10869,"date":"2020-06-26T21:31:05","date_gmt":"2020-06-26T21:31:05","guid":{"rendered":"http:\/\/aeroviarios.org.br\/?p=10869"},"modified":"2020-06-26T21:31:05","modified_gmt":"2020-06-26T21:31:05","slug":"aeroviarios-da-azul-e-da-latam-aprovam-novos-acts","status":"publish","type":"post","link":"https:\/\/aeroviarios.org.br\/index.php\/2020\/06\/26\/aeroviarios-da-azul-e-da-latam-aprovam-novos-acts\/","title":{"rendered":"Aerovi\u00e1rios da Azul e da Latam aprovam novos ACTs"},"content":{"rendered":"<p>Na manh\u00e3 desta sexta-feira (26) os trabalhadores das empresas a\u00e9reas Azul e Latam aprovaram as novas propostas de Acordo Coletivo de Trabalho (ACT) colocadas pelas companhias.<\/p>\n<p>Na assembleia da Latam, de um total de 175 votantes, 93,7% aprovaram a proposta, 5,1% a rejeitaram e 1,1% dos votos foram de nulos ou absten\u00e7\u00f5es. J\u00e1 na Azul foram 180 votos, sendo destes 83,9% de aprova\u00e7\u00e3o e 16,1% de rejei\u00e7\u00e3o. Ainda nessa semana, a a\u00e9rea Aerol\u00edneas Argentinas tamb\u00e9m teve sua assembleia e o ACT foi aprovado por unanimidade.<\/p>\n<p>O Sindicato agradece a participa\u00e7\u00e3o dos aerovi\u00e1rios nesse importante momento de decis\u00e3o sobre nosso futuro como categoria. Segundo a dire\u00e7\u00e3o do Sindicato, \u201cbatalhamos por uma melhora dessas propostas e avan\u00e7amos, conseguimos por exemplo retirar a quita\u00e7\u00e3o do contrato de trabalho dessas propostas, o que possibilita ao aerovi\u00e1rio continuar com processos judicias movidos contra as empresas ou ainda ingressar futuramente com novas a\u00e7\u00f5es\u201d.<\/p>\n<p>Agora o pr\u00f3ximo passo ser\u00e1 o encaminhamento das documenta\u00e7\u00f5es da assembleia para os \u00f3rg\u00e3os respons\u00e1veis. A vig\u00eancia dos ACTs j\u00e1 inicia no pr\u00f3ximo primeiro de julho. Ainda na pr\u00f3xima semana, na segunda (29), ser\u00e1 a vez da Gol decidir sobre a proposta da empresa.<\/p>\n<p>Confira fotos da assembleia:<\/p>\n<p><a href=\"https:\/\/aeroviarios.org.br\/novo\/wp-content\/uploads\/2020\/06\/WhatsApp-Image-2020-06-26-at-14.50.29.jpeg\"><img fetchpriority=\"high\" decoding=\"async\" class=\"alignnone size-large wp-image-10874\" src=\"https:\/\/aeroviarios.org.br\/novo\/wp-content\/uploads\/2020\/06\/WhatsApp-Image-2020-06-26-at-14.50.29-768x1024.jpeg\" alt=\"\" width=\"702\" height=\"936\" \/><\/a> <a href=\"https:\/\/aeroviarios.org.br\/novo\/wp-content\/uploads\/2020\/06\/WhatsApp-Image-2020-06-26-at-14.50.29-1.jpeg\"><img decoding=\"async\" class=\"alignnone size-large wp-image-10873\" src=\"https:\/\/aeroviarios.org.br\/novo\/wp-content\/uploads\/2020\/06\/WhatsApp-Image-2020-06-26-at-14.50.29-1-1024x768.jpeg\" alt=\"\" width=\"702\" height=\"527\" \/><\/a> <a href=\"https:\/\/aeroviarios.org.br\/novo\/wp-content\/uploads\/2020\/06\/WhatsApp-Image-2020-06-26-at-14.50.33.jpeg\"><img decoding=\"async\" class=\"alignnone size-large wp-image-10871\" src=\"https:\/\/aeroviarios.org.br\/novo\/wp-content\/uploads\/2020\/06\/WhatsApp-Image-2020-06-26-at-14.50.33-768x1024.jpeg\" alt=\"\" width=\"702\" height=\"936\" \/><\/a> <a href=\"https:\/\/aeroviarios.org.br\/novo\/wp-content\/uploads\/2020\/06\/WhatsApp-Image-2020-06-26-at-14.50.34.jpeg\"><img loading=\"lazy\" decoding=\"async\" class=\"alignnone size-large wp-image-10870\" src=\"https:\/\/aeroviarios.org.br\/novo\/wp-content\/uploads\/2020\/06\/WhatsApp-Image-2020-06-26-at-14.50.34-768x1024.jpeg\" alt=\"\" width=\"702\" height=\"936\" \/><\/a> <a href=\"https:\/\/aeroviarios.org.br\/novo\/wp-content\/uploads\/2020\/06\/WhatsApp-Image-2020-06-26-at-14.50.32.jpeg\"><img loading=\"lazy\" decoding=\"async\" class=\"alignnone size-large wp-image-10872\" src=\"https:\/\/aeroviarios.org.br\/novo\/wp-content\/uploads\/2020\/06\/WhatsApp-Image-2020-06-26-at-14.50.32-768x1024.jpeg\" alt=\"\" width=\"702\" height=\"936\" \/><\/a><\/p>\n","protected":false},"excerpt":{"rendered":"<p>Na manh\u00e3 desta sexta-feira (26) os trabalhadores das empresas a\u00e9reas Azul e Latam aprovaram as novas propostas de Acordo Coletivo de Trabalho (ACT) colocadas pelas companhias. Na assembleia da Latam, de um total de 175 votantes, 93,7% aprovaram a proposta, 5,1% a rejeitaram e 1,1% dos votos foram de nulos ou absten\u00e7\u00f5es. J\u00e1 na Azul<\/p>\n","protected":false},"author":1,"featured_media":10875,"comment_status":"open","ping_status":"open","sticky":false,"template":"","format":"standard","meta":{"footnotes":""},"categories":[27,31],"tags":[],"class_list":{"0":"post-10869","1":"post","2":"type-post","3":"status-publish","4":"format-standard","5":"has-post-thumbnail","7":"category-geral","8":"category-noticias"},"_links":{"self":[{"href":"https:\/\/aeroviarios.org.br\/index.php\/wp-json\/wp\/v2\/posts\/10869","targetHints":{"allow":["GET"]}}],"collection":[{"href":"https:\/\/aeroviarios.org.br\/index.php\/wp-json\/wp\/v2\/posts"}],"about":[{"href":"https:\/\/aeroviarios.org.br\/index.php\/wp-json\/wp\/v2\/types\/post"}],"author":[{"embeddable":true,"href":"https:\/\/aeroviarios.org.br\/index.php\/wp-json\/wp\/v2\/users\/1"}],"replies":[{"embeddable":true,"href":"https:\/\/aeroviarios.org.br\/index.php\/wp-json\/wp\/v2\/comments?post=10869"}],"version-history":[{"count":0,"href":"https:\/\/aeroviarios.org.br\/index.php\/wp-json\/wp\/v2\/posts\/10869\/revisions"}],"wp:featuredmedia":[{"embeddable":true,"href":"https:\/\/aeroviarios.org.br\/index.php\/wp-json\/"}],"wp:attachment":[{"href":"https:\/\/aeroviarios.org.br\/index.php\/wp-json\/wp\/v2\/media?parent=10869"}],"wp:term":[{"taxonomy":"category","embeddable":true,"href":"https:\/\/aeroviarios.org.br\/index.php\/wp-json\/wp\/v2\/categories?post=10869"},{"taxonomy":"post_tag","embeddable":true,"href":"https:\/\/aeroviarios.org.br\/index.php\/wp-json\/wp\/v2\/tags?post=10869"}],"curies":[{"name":"wp","href":"https:\/\/api.w.org\/{rel}","templated":true}]}}