{"id":10861,"date":"2020-06-25T17:03:36","date_gmt":"2020-06-25T17:03:36","guid":{"rendered":"http:\/\/aeroviarios.org.br\/?p=10861"},"modified":"2020-06-25T17:03:36","modified_gmt":"2020-06-25T17:03:36","slug":"gol-apresenta-nova-proposta-de-act-assembleia-acontece-na-segunda-29","status":"publish","type":"post","link":"https:\/\/aeroviarios.org.br\/index.php\/2020\/06\/25\/gol-apresenta-nova-proposta-de-act-assembleia-acontece-na-segunda-29\/","title":{"rendered":"Gol apresenta nova proposta de ACT; assembleia acontece na segunda (29)"},"content":{"rendered":"<p>Com o encerramento dos Acordos Coletivos de Trabalho (ACTs) firmados no come\u00e7o da pandemia do novo coronav\u00edrus (COVID-19) no final do m\u00eas de junho, as empresas a\u00e9reas est\u00e3o apresentando novas propostas para o pr\u00f3ximo per\u00edodo. Ap\u00f3s negocia\u00e7\u00f5es com o Sindicato dos Aerovi\u00e1rios de Porto Alegre, a Gol apresentou nesta quarta-feira (26) a sua vers\u00e3o do ACT.<\/p>\n<p>Com validade at\u00e9 30 de junho de 2021, os novos termos da Gol, assim como das outras empresas, pretendem uma s\u00e9rie de modalidades de dispensa e regimes de trabalho modificados.<\/p>\n<p>A mudan\u00e7a da jornada de trabalho com redu\u00e7\u00e3o na remunera\u00e7\u00e3o equivalente poder\u00e1 ser aplicada pela empresa nos aerovi\u00e1rios que praticam 180 e 210 horas mensais. Segundo a proposta da empresa, essa redu\u00e7\u00e3o proporcional poder\u00e1 chegar a 50%. H\u00e1 ainda a garantia de um Vale-Alimenta\u00e7\u00e3o no valor de R$ 417,46 para os afetados pelo regime de redu\u00e7\u00e3o, se o sal\u00e1rio estiver abaixo de R$ 5.229,32 e uma modifica\u00e7\u00e3o no banco de horas, transferindo para o final do per\u00edodo do ACT, em julho de 2021, a compensa\u00e7\u00e3o desses extras.<\/p>\n<p>Outra cl\u00e1usula do ACT \u00e9 o Plano de Demiss\u00e3o Volunt\u00e1ria (PDV). Os aerovi\u00e1rios que aderirem ao Plano ter\u00e3o verbas rescis\u00f3rias equivalentes a uma demiss\u00e3o sem justa causa e manuten\u00e7\u00e3o do Beneficio Viagem por 12 meses. A empresa ainda afirma na proposta que os aerovi\u00e1rios que aderirem ao PDV ter\u00e3o direito de participa\u00e7\u00e3o em processos seletivos futuros.<\/p>\n<p>J\u00e1 o Programa de Licen\u00e7a N\u00e3o Remunerada Volunt\u00e1ria (LNRV) tem o tempo de licen\u00e7a m\u00ednimo de 3 meses, renov\u00e1vel pelo mesmo per\u00edodo. Neste regime o aerovi\u00e1rio ter\u00e1 manuten\u00e7\u00e3o de plano de sa\u00fade nos termos vigentes pagando os valores atrav\u00e9s de boleto, receber\u00e1 convites para participarem de eventuais cursos de Educa\u00e7\u00e3o a Dist\u00e2ncia e ter\u00e3o a ades\u00e3o aprovada pelo gestor.<\/p>\n<p>Consta ainda no texto do ACT um Programa de Aposentadoria, uma mudan\u00e7a no banco de horas estabelecendo a raz\u00e3o de 1 para 1 na compensa\u00e7\u00e3o, uma garantia provis\u00f3ria de emprego para aerovi\u00e1rios que tiverem sua jornada de trabalho reduzidas e outros detalhes. O Sindicato recomenda aos trabalhadores a leitura da \u00edntegra da proposta<\/p>\n<p><a href=\"https:\/\/aeroviarios.org.br\/novo\/wp-content\/uploads\/2020\/06\/2-edital-Gol-COVID-JPEG.jpg\"><img fetchpriority=\"high\" decoding=\"async\" class=\"alignnone size-full wp-image-10864\" src=\"https:\/\/aeroviarios.org.br\/novo\/wp-content\/uploads\/2020\/06\/2-edital-Gol-COVID-JPEG.jpg\" alt=\"\" width=\"600\" height=\"467\" \/><\/a><\/p>\n<h3>Assembleia acontece na segunda-feira (29)<\/h3>\n<p>Os trabalhadores da Gol poder\u00e3o aceitar ou rejeitar o que foi proposto pela empresa em assembleia que acontecer\u00e1 nessa segunda-feira (29), das 8h ao meio-dia (12h), no Salgado Filho.<\/p>\n<p>O Sindicato conta com a participa\u00e7\u00e3o dos aerovi\u00e1rios e entende que o momento \u00e9 complicado, mas que \u201cdevemos nos unir para tomarmos essas decis\u00f5es\u201d, afirmam os diretores. Os representantes da entidade estar\u00e3o distribuindo m\u00e1scaras durante a assembleia para possibilitar a reuni\u00e3o.<\/p>\n<p><a href=\"https:\/\/aeroviarios.org.br\/novo\/wp-content\/uploads\/2020\/06\/Novo-ACT-da-Gol-1.png\"><img decoding=\"async\" class=\"alignnone wp-image-10865\" src=\"https:\/\/aeroviarios.org.br\/novo\/wp-content\/uploads\/2020\/06\/Novo-ACT-da-Gol-1.png\" alt=\"\" width=\"540\" height=\"540\" \/><\/a><\/p>\n","protected":false},"excerpt":{"rendered":"<p>Com o encerramento dos Acordos Coletivos de Trabalho (ACTs) firmados no come\u00e7o da pandemia do novo coronav\u00edrus (COVID-19) no final do m\u00eas de junho, as empresas a\u00e9reas est\u00e3o apresentando novas propostas para o pr\u00f3ximo per\u00edodo. Ap\u00f3s negocia\u00e7\u00f5es com o Sindicato dos Aerovi\u00e1rios de Porto Alegre, a Gol apresentou nesta quarta-feira (26) a sua vers\u00e3o do<\/p>\n","protected":false},"author":1,"featured_media":10863,"comment_status":"open","ping_status":"open","sticky":false,"template":"","format":"standard","meta":{"footnotes":""},"categories":[27,31],"tags":[],"class_list":{"0":"post-10861","1":"post","2":"type-post","3":"status-publish","4":"format-standard","5":"has-post-thumbnail","7":"category-geral","8":"category-noticias"},"_links":{"self":[{"href":"https:\/\/aeroviarios.org.br\/index.php\/wp-json\/wp\/v2\/posts\/10861","targetHints":{"allow":["GET"]}}],"collection":[{"href":"https:\/\/aeroviarios.org.br\/index.php\/wp-json\/wp\/v2\/posts"}],"about":[{"href":"https:\/\/aeroviarios.org.br\/index.php\/wp-json\/wp\/v2\/types\/post"}],"author":[{"embeddable":true,"href":"https:\/\/aeroviarios.org.br\/index.php\/wp-json\/wp\/v2\/users\/1"}],"replies":[{"embeddable":true,"href":"https:\/\/aeroviarios.org.br\/index.php\/wp-json\/wp\/v2\/comments?post=10861"}],"version-history":[{"count":0,"href":"https:\/\/aeroviarios.org.br\/index.php\/wp-json\/wp\/v2\/posts\/10861\/revisions"}],"wp:featuredmedia":[{"embeddable":true,"href":"https:\/\/aeroviarios.org.br\/index.php\/wp-json\/"}],"wp:attachment":[{"href":"https:\/\/aeroviarios.org.br\/index.php\/wp-json\/wp\/v2\/media?parent=10861"}],"wp:term":[{"taxonomy":"category","embeddable":true,"href":"https:\/\/aeroviarios.org.br\/index.php\/wp-json\/wp\/v2\/categories?post=10861"},{"taxonomy":"post_tag","embeddable":true,"href":"https:\/\/aeroviarios.org.br\/index.php\/wp-json\/wp\/v2\/tags?post=10861"}],"curies":[{"name":"wp","href":"https:\/\/api.w.org\/{rel}","templated":true}]}}