{"id":10840,"date":"2020-06-22T17:09:54","date_gmt":"2020-06-22T17:09:54","guid":{"rendered":"http:\/\/aeroviarios.org.br\/?p=10840"},"modified":"2020-06-22T17:09:54","modified_gmt":"2020-06-22T17:09:54","slug":"novas-assembleias-devem-acontecer-nos-proximos-dias","status":"publish","type":"post","link":"https:\/\/aeroviarios.org.br\/index.php\/2020\/06\/22\/novas-assembleias-devem-acontecer-nos-proximos-dias\/","title":{"rendered":"Novas assembleias devem acontecer nos pr\u00f3ximos dias"},"content":{"rendered":"<p>Com o vencimento dos Acordos Coletivos de Trabalho (ACTs) formalizados em assembleias no come\u00e7o da pandemia do novo coronav\u00edrus (COVID-19), os sindicatos filiados \u00e0 Fentac\/CUT se mobilizaram para reunir em uma pauta as solicita\u00e7\u00f5es dos aerovi\u00e1rios. Ap\u00f3s aprova\u00e7\u00e3o dos trabalhadores em assembleias na \u00faltima semana, a pauta foi enviada para as empresas.<\/p>\n<p>Agora, o Sindicato dos Aerovi\u00e1rios de Porto Alegre est\u00e1 negociando o que vir\u00e3o a ser os pr\u00f3ximos ACTs. Gol, Latam e Azul j\u00e1 enviaram suas primeiras propostas, mas a entidade busca melhorar as condi\u00e7\u00f5es dos textos para que os interesses dos trabalhadores sejam contemplados. \u201cA aprova\u00e7\u00e3o das nossas reinvindica\u00e7\u00f5es em assembleia nos deu certezas sobre o que deseja nossa categoria. Agora estamos buscando que essas solicita\u00e7\u00f5es sejam atendidas\u201d, afirmam os diretores da entidade.<\/p>\n<p>J\u00e1 nesta ter\u00e7a-feira (23), os trabalhadores da Aerol\u00edneas Argentinas ter\u00e3o assembleia para apreciar o que foi proposto pela empresa. Nos pr\u00f3ximos dias, o mesmo dever\u00e1 acontecer com as demais a\u00e9reas que operam no Salgado Filho. \u201cVamos agilizar o m\u00e1ximo essas negocia\u00e7\u00f5es. Nosso intuito \u00e9 que no dia primeiro de julho os trabalhadores j\u00e1 estejam cobertos por um novo ACT. As assembleias devem acontecer at\u00e9 a sexta-feira (26)\u201d, finalizam os diretores.<\/p>\n<p>A entidade ainda afirma que assim que novidades sobre as negocia\u00e7\u00f5es forem chegando, ser\u00e3o divulgadas para toda categoria.<\/p>\n","protected":false},"excerpt":{"rendered":"<p>Com o vencimento dos Acordos Coletivos de Trabalho (ACTs) formalizados em assembleias no come\u00e7o da pandemia do novo coronav\u00edrus (COVID-19), os sindicatos filiados \u00e0 Fentac\/CUT se mobilizaram para reunir em uma pauta as solicita\u00e7\u00f5es dos aerovi\u00e1rios. Ap\u00f3s aprova\u00e7\u00e3o dos trabalhadores em assembleias na \u00faltima semana, a pauta foi enviada para as empresas. Agora, o Sindicato<\/p>\n","protected":false},"author":1,"featured_media":10842,"comment_status":"open","ping_status":"open","sticky":false,"template":"","format":"standard","meta":{"footnotes":""},"categories":[27,31],"tags":[],"class_list":{"0":"post-10840","1":"post","2":"type-post","3":"status-publish","4":"format-standard","5":"has-post-thumbnail","7":"category-geral","8":"category-noticias"},"_links":{"self":[{"href":"https:\/\/aeroviarios.org.br\/index.php\/wp-json\/wp\/v2\/posts\/10840","targetHints":{"allow":["GET"]}}],"collection":[{"href":"https:\/\/aeroviarios.org.br\/index.php\/wp-json\/wp\/v2\/posts"}],"about":[{"href":"https:\/\/aeroviarios.org.br\/index.php\/wp-json\/wp\/v2\/types\/post"}],"author":[{"embeddable":true,"href":"https:\/\/aeroviarios.org.br\/index.php\/wp-json\/wp\/v2\/users\/1"}],"replies":[{"embeddable":true,"href":"https:\/\/aeroviarios.org.br\/index.php\/wp-json\/wp\/v2\/comments?post=10840"}],"version-history":[{"count":0,"href":"https:\/\/aeroviarios.org.br\/index.php\/wp-json\/wp\/v2\/posts\/10840\/revisions"}],"wp:featuredmedia":[{"embeddable":true,"href":"https:\/\/aeroviarios.org.br\/index.php\/wp-json\/"}],"wp:attachment":[{"href":"https:\/\/aeroviarios.org.br\/index.php\/wp-json\/wp\/v2\/media?parent=10840"}],"wp:term":[{"taxonomy":"category","embeddable":true,"href":"https:\/\/aeroviarios.org.br\/index.php\/wp-json\/wp\/v2\/categories?post=10840"},{"taxonomy":"post_tag","embeddable":true,"href":"https:\/\/aeroviarios.org.br\/index.php\/wp-json\/wp\/v2\/tags?post=10840"}],"curies":[{"name":"wp","href":"https:\/\/api.w.org\/{rel}","templated":true}]}}